{"id":35889,"date":"2023-01-24T15:36:15","date_gmt":"2023-01-24T21:36:15","guid":{"rendered":"https:\/\/encuentroinformativo.com.mx\/?p=35889"},"modified":"2023-01-24T15:36:19","modified_gmt":"2023-01-24T21:36:19","slug":"hay-detenidos-por-masacre-en-veracruz-gobernador","status":"publish","type":"post","link":"https:\/\/encuentroinformativo.com.mx\/?p=35889","title":{"rendered":"Hay detenidos por masacre en Veracruz: Gobernador"},"content":{"rendered":"\n<p><strong>Dar\u00edo Pale<\/strong> <\/p>\n\n\n\n<p>Xalapa, Ver.- Ya hay detenidos por masacre del domingo en Veracruz, donde perdieron la vida seis personas, a pesar de que no dio cifras de cu\u00e1ntos, adem\u00e1s coment\u00f3 que Fernando P\u00e9rez mand\u00f3 levantar a la familia de &#8220;El Guacho&#8221; y \u00e9l en venganza habr\u00eda mandado a asesinar a su familia, as\u00ed lo dio a conocer el gobernador del estado Cuitl\u00e1huac Garc\u00eda Jim\u00e9nez.<\/p>\n\n\n\n<p>En conferencia de prensa afirm\u00f3 que fue una c\u00e9lula del Cartel Jalisco Nueva Generaci\u00f3n (CJNG), quien mand\u00f3 a asesinar a la familia de Fernando P\u00e9rez Vega, alias El Pino, en venganza porque \u00e9ste habr\u00eda levantado a la familia de un l\u00edder apodado El Guacho, hechos donde habr\u00eda perdido la vida el hijo de este \u00faltimo.<\/p>\n\n\n\n<p>Explic\u00f3 que por la disputa interna de la plaza de Poza Rica, asesinaron al comandante de la polic\u00eda de El Espinal \u00a0porque le hac\u00eda favores al grupo delictivo de El Pino, \u00e9l en venganza, contrata a El Tabasco, quien presuntamente gener\u00f3 los hechos de violencia en los bares de Poza Rica que dej\u00f3 como saldo 8 personas asesinadas en tres eventos diferentes.<\/p>\n\n\n\n<p>Posteriormente, el grupo delictivo de El Pino &#8220;levant\u00f3&#8221; a la familia de alias El Guacho, presunto l\u00edder de Poza Rica que se disputaba la plaza.<\/p>\n\n\n\n<p>&#8220;Por instrucciones de \u00e9l levantan a la familia de El Guacho y le dicen pres\u00e9ntate o vamos contra tu familia. En ese levant\u00f3n mataron a un jovencito de 17 a\u00f1os, que se est\u00e1 indagando. Probablemente era hijo de \u00e9l&#8221;, se\u00f1al\u00f3.<\/p>\n\n\n\n<p>Luego liberaron a la familia de El Guacho, presuntamente bajo alg\u00fan arreglo, pero \u00e9ste le dice a su jefe, del C\u00e1rtel Jalisco Nueva Generaci\u00f3n lo sucedido y habr\u00eda pedido a los grupos que le operan en el puerto de Veracruz que asesinaran a la familia de Fernando P\u00e9rez.<\/p>\n\n\n\n<p>&#8220;Nosotros pensamos que le ha de haber dicho ay\u00fadenos, ya se metieron con mi familia y entonces se fueron, como escarmiento contra su familia (de El Pino)&#8221;, coment\u00f3.<\/p>\n\n\n\n<p>&#8220;Porque est\u00e1 confirmado que El Pino se baja de la camioneta Lobo en donde \u00e9l iba y eso fue evidente porque sali\u00f3 del evento (de Fuerza por M\u00e9xico y se subi\u00f3 a su camioneta) y m\u00e1s adelante se baja, se va en un taxi y se fueron, a pesar de eso, contra su familia y se fueron contra \u00e9l&#8221;, agreg\u00f3.<\/p>\n\n\n\n<p>Por \u00faltimo en ese sentido, reiter\u00f3 que se trat\u00f3 de un ajuste de cuentas entre c\u00e9lulas delictivas que escal\u00f3 al nivel de las familias de los delincuentes.<\/p>\n","protected":false},"excerpt":{"rendered":"<p>Dar\u00edo Pale Xalapa, Ver.- Ya hay detenidos por masacre del domingo en Veracruz, donde perdieron la vida seis personas, a pesar de que no dio cifras de cu\u00e1ntos, adem\u00e1s coment\u00f3 que Fernando P\u00e9rez mand\u00f3 levantar a la familia de &#8220;El Guacho&#8221; y \u00e9l en venganza habr\u00eda mandado a asesinar a su familia, as\u00ed lo dio [&hellip;]<\/p>\n","protected":false},"author":2476,"featured_media":35791,"comment_status":"open","ping_status":"open","sticky":false,"template":"","format":"standard","meta":{"_jetpack_memberships_contains_paid_content":false,"footnotes":""},"categories":[2],"tags":[],"class_list":["post-35889","post","type-post","status-publish","format-standard","has-post-thumbnail","hentry","category-estado"],"jetpack_featured_media_url":"https:\/\/encuentroinformativo.com.mx\/wp-content\/uploads\/2023\/01\/IMG_0193.jpg","jetpack_sharing_enabled":true,"jetpack_likes_enabled":true,"amp_enabled":true,"_links":{"self":[{"href":"https:\/\/encuentroinformativo.com.mx\/index.php?rest_route=\/wp\/v2\/posts\/35889","targetHints":{"allow":["GET"]}}],"collection":[{"href":"https:\/\/encuentroinformativo.com.mx\/index.php?rest_route=\/wp\/v2\/posts"}],"about":[{"href":"https:\/\/encuentroinformativo.com.mx\/index.php?rest_route=\/wp\/v2\/types\/post"}],"author":[{"embeddable":true,"href":"https:\/\/encuentroinformativo.com.mx\/index.php?rest_route=\/wp\/v2\/users\/2476"}],"replies":[{"embeddable":true,"href":"https:\/\/encuentroinformativo.com.mx\/index.php?rest_route=%2Fwp%2Fv2%2Fcomments&post=35889"}],"version-history":[{"count":1,"href":"https:\/\/encuentroinformativo.com.mx\/index.php?rest_route=\/wp\/v2\/posts\/35889\/revisions"}],"predecessor-version":[{"id":35890,"href":"https:\/\/encuentroinformativo.com.mx\/index.php?rest_route=\/wp\/v2\/posts\/35889\/revisions\/35890"}],"wp:featuredmedia":[{"embeddable":true,"href":"https:\/\/encuentroinformativo.com.mx\/index.php?rest_route=\/wp\/v2\/media\/35791"}],"wp:attachment":[{"href":"https:\/\/encuentroinformativo.com.mx\/index.php?rest_route=%2Fwp%2Fv2%2Fmedia&parent=35889"}],"wp:term":[{"taxonomy":"category","embeddable":true,"href":"https:\/\/encuentroinformativo.com.mx\/index.php?rest_route=%2Fwp%2Fv2%2Fcategories&post=35889"},{"taxonomy":"post_tag","embeddable":true,"href":"https:\/\/encuentroinformativo.com.mx\/index.php?rest_route=%2Fwp%2Fv2%2Ftags&post=35889"}],"curies":[{"name":"wp","href":"https:\/\/api.w.org\/{rel}","templated":true}]}}