{"id":35900,"date":"2023-01-24T23:36:46","date_gmt":"2023-01-25T05:36:46","guid":{"rendered":"https:\/\/encuentroinformativo.com.mx\/?p=35900"},"modified":"2023-01-24T23:36:51","modified_gmt":"2023-01-25T05:36:51","slug":"boca-del-rio-una-ciudad-en-crecimiento-pero-con-una-rica-historia-alcalde-jm-unanue","status":"publish","type":"post","link":"https:\/\/encuentroinformativo.com.mx\/?p=35900","title":{"rendered":"Boca del R\u00edo, una ciudad en crecimiento pero con una rica historia: Alcalde JM Un\u00e1nue"},"content":{"rendered":"\n<p><strong>*<em>Este martes se present\u00f3 el libro conmemorativo \u201cBoca del R\u00edo Veracruzana\u201d, proyecto editorial de la empresa Tenaris Tamsa<\/em>.<\/strong><\/p>\n\n\n\n<p>Boca del R\u00edo, Ver.- En la antesala de un aniversario m\u00e1s de Boca del R\u00edo como ciudad, se realiz\u00f3 la presentaci\u00f3n del libro conmemorativo \u201cBoca del R\u00edo Veracruzana\u201d, proyecto editorial realizado por la empresa Tenaris Tamsa.<\/p>\n\n\n\n<p>El \u00c1gora del Foro Boca fue el recinto donde el Alcalde de Boca del R\u00edo, Juan Manuel Un\u00e1nue Abascal, agradeci\u00f3 y felicit\u00f3 a la empresa por su compromiso con la regi\u00f3n y sus 70 a\u00f1os de proveer servicios de calidad.<\/p>\n\n\n\n<p>\u201cEn los cap\u00edtulos del libro se rese\u00f1a lo m\u00e1s relevante de nuestro origen, en este libro el lector conocer\u00e1 grandes elementos que se han amalgamado en la sangre y esp\u00edritu de quienes aqu\u00ed vivimos\u201d, destac\u00f3.<\/p>\n\n\n\n<p>En su intervenci\u00f3n, Gerardo C\u00e1rdenas Hern\u00e1ndez, Director de Relaciones P\u00fablicas de Tenaris Tamsa, agradeci\u00f3 al Presidente Municipal, por permitir sumarse a trav\u00e9s del libro a las celebraciones con motivo del elevamiento de Boca del R\u00edo a Ciudad.<\/p>\n\n\n\n<p>\u201cCiudad que con el liderazgo de Juan Manuel resalta por su desarrollo econ\u00f3mico y en todas sus vertientes, muchas gracias, ha sido una experiencia gratificante trabajar contigo y tus colaboradores en este proyecto editorial\u201d.<\/p>\n\n\n\n<p>Por otra parte, el Ejecutivo municipal dijo que gracias al impulso de Tenaris Tamsa se mantiene vivo su compromiso con la preservaci\u00f3n y difusi\u00f3n de la cultura en Veracruz, una de las entidades m\u00e1s diversas y ricas del pa\u00eds.<\/p>\n\n\n\n<p>En compa\u00f1\u00eda de la Presidenta del DIF de Boca del R\u00edo, Melina Rivera de Un\u00e1nue, Sergio de la Maza Jim\u00e9nez, Vicepresidente Ejecutivo y Director General de Tenaris Tamsa, Manuel Rivera Polanco, adem\u00e1s de invitados especiales, el Alcalde de Boca del R\u00edo expres\u00f3 que a pesar de ser una de las ciudades m\u00e1s j\u00f3venes del estado, Boca del R\u00edo posee una rica historia que antecede la c\u00faspide del crecimiento que se observa en la actualidad y de la cual los boque\u00f1os se sienten orgullosos.<\/p>\n\n\n\n<p>Asimismo, Un\u00e1nue Abascal tambi\u00e9n felicit\u00f3 a los responsables de este proyecto editorial, el Dr. Ricardo Teodoro Alej\u00e1ndrez y el Mtro. Ricardo Salas Moreno, por el extraordinario trabajo que perdurar\u00e1 en la memoria escrita de la ciudad.<\/p>\n\n\n\n<p>Este libro condensa una cadena de eventos perfectamente narrados y acompa\u00f1ados de datos hist\u00f3ricos, que inspiran y muestran el prodigioso crecimiento de esta tierra, que pas\u00f3 de ser un pueblo de pescadores, a un recinto donde convergen no solo centros de negocios, campus universitarios, hoteles, centros comerciales y modernos complejos habitacionales, sino una comunidad trabajadora que hizo posible este desarrollo, resalt\u00f3 el Presidente Municipal.<\/p>\n\n\n\n<p>Por \u00faltimo, Juan Manuel Un\u00e1nue Abascal recalc\u00f3 que su gobierno trabaja d\u00eda con d\u00eda para mantener todo lo que se ha construido con el paso de los a\u00f1os, pero, adem\u00e1s, ampliar la riqueza y estabilidad en cada espacio de su territorio para seguir consolid\u00e1ndose como la mejor ciudad de Veracruz.<\/p>\n","protected":false},"excerpt":{"rendered":"<p>*Este martes se present\u00f3 el libro conmemorativo \u201cBoca del R\u00edo Veracruzana\u201d, proyecto editorial de la empresa Tenaris Tamsa. Boca del R\u00edo, Ver.- En la antesala de un aniversario m\u00e1s de Boca del R\u00edo como ciudad, se realiz\u00f3 la presentaci\u00f3n del libro conmemorativo \u201cBoca del R\u00edo Veracruzana\u201d, proyecto editorial realizado por la empresa Tenaris Tamsa. El [&hellip;]<\/p>\n","protected":false},"author":2476,"featured_media":35901,"comment_status":"open","ping_status":"open","sticky":false,"template":"","format":"standard","meta":{"_jetpack_memberships_contains_paid_content":false,"footnotes":""},"categories":[2],"tags":[],"class_list":["post-35900","post","type-post","status-publish","format-standard","has-post-thumbnail","hentry","category-estado"],"jetpack_featured_media_url":"https:\/\/encuentroinformativo.com.mx\/wp-content\/uploads\/2023\/01\/IMG-20230124-WA0180.jpg","jetpack_sharing_enabled":true,"jetpack_likes_enabled":true,"amp_enabled":true,"_links":{"self":[{"href":"https:\/\/encuentroinformativo.com.mx\/index.php?rest_route=\/wp\/v2\/posts\/35900","targetHints":{"allow":["GET"]}}],"collection":[{"href":"https:\/\/encuentroinformativo.com.mx\/index.php?rest_route=\/wp\/v2\/posts"}],"about":[{"href":"https:\/\/encuentroinformativo.com.mx\/index.php?rest_route=\/wp\/v2\/types\/post"}],"author":[{"embeddable":true,"href":"https:\/\/encuentroinformativo.com.mx\/index.php?rest_route=\/wp\/v2\/users\/2476"}],"replies":[{"embeddable":true,"href":"https:\/\/encuentroinformativo.com.mx\/index.php?rest_route=%2Fwp%2Fv2%2Fcomments&post=35900"}],"version-history":[{"count":1,"href":"https:\/\/encuentroinformativo.com.mx\/index.php?rest_route=\/wp\/v2\/posts\/35900\/revisions"}],"predecessor-version":[{"id":35902,"href":"https:\/\/encuentroinformativo.com.mx\/index.php?rest_route=\/wp\/v2\/posts\/35900\/revisions\/35902"}],"wp:featuredmedia":[{"embeddable":true,"href":"https:\/\/encuentroinformativo.com.mx\/index.php?rest_route=\/wp\/v2\/media\/35901"}],"wp:attachment":[{"href":"https:\/\/encuentroinformativo.com.mx\/index.php?rest_route=%2Fwp%2Fv2%2Fmedia&parent=35900"}],"wp:term":[{"taxonomy":"category","embeddable":true,"href":"https:\/\/encuentroinformativo.com.mx\/index.php?rest_route=%2Fwp%2Fv2%2Fcategories&post=35900"},{"taxonomy":"post_tag","embeddable":true,"href":"https:\/\/encuentroinformativo.com.mx\/index.php?rest_route=%2Fwp%2Fv2%2Ftags&post=35900"}],"curies":[{"name":"wp","href":"https:\/\/api.w.org\/{rel}","templated":true}]}}