{"id":35904,"date":"2023-01-24T22:15:18","date_gmt":"2023-01-25T04:15:18","guid":{"rendered":"https:\/\/encuentroinformativo.com.mx\/?p=35904"},"modified":"2023-01-25T00:15:10","modified_gmt":"2023-01-25T06:15:10","slug":"intento-de-suicidio-causo-movilizacion-policiaca-en-banderilla","status":"publish","type":"post","link":"https:\/\/encuentroinformativo.com.mx\/?p=35904","title":{"rendered":"Intento de suicidio, caus\u00f3 movilizaci\u00f3n polic\u00edaca en Banderilla"},"content":{"rendered":"\n<p>Banderilla, Ver.- Est\u00e1 noche se registr\u00f3 una intensa movilizaci\u00f3n por parte de elementos de Seguridad P\u00fablica y Fuerza Civil y Bomberos de Xalapa, tras el reporte de un sujeto que subi\u00f3 al puente peatonal del CETIS en Banderilla y que amenazaba con arrojarse.<\/p>\n\n\n\n<p>Por lo que los elementos procedieron a dialogar con el hombre de aproximadamente 45 a\u00f1os, quien trep\u00f3 a lo alto de la base de un c\u00e1rtel de publicidad y desde ah\u00ed trataron de convencerlo de que bajara.<\/p>\n\n\n\n<p>Tras casi una hora de negociaci\u00f3n el individuo fue rescatado a la fuerza quedando en custodia de los elementos polic\u00edacos.<\/p>\n\n\n\n<figure class=\"wp-block-gallery columns-3 is-cropped wp-block-gallery-1 is-layout-flex wp-block-gallery-is-layout-flex\"><ul class=\"blocks-gallery-grid\"><li class=\"blocks-gallery-item\"><figure><img loading=\"lazy\" decoding=\"async\" width=\"1024\" height=\"683\" src=\"https:\/\/encuentroinformativo.com.mx\/wp-content\/uploads\/2023\/01\/Photo_1674626407167.jpg\" alt=\"\" data-id=\"35906\" data-full-url=\"https:\/\/encuentroinformativo.com.mx\/wp-content\/uploads\/2023\/01\/Photo_1674626407167.jpg\" data-link=\"https:\/\/encuentroinformativo.com.mx\/?attachment_id=35906\" class=\"wp-image-35906\" srcset=\"https:\/\/encuentroinformativo.com.mx\/wp-content\/uploads\/2023\/01\/Photo_1674626407167.jpg 1024w, https:\/\/encuentroinformativo.com.mx\/wp-content\/uploads\/2023\/01\/Photo_1674626407167-300x200.jpg 300w, https:\/\/encuentroinformativo.com.mx\/wp-content\/uploads\/2023\/01\/Photo_1674626407167-768x512.jpg 768w\" sizes=\"auto, (max-width: 1024px) 100vw, 1024px\" \/><\/figure><\/li><li class=\"blocks-gallery-item\"><figure><img loading=\"lazy\" decoding=\"async\" width=\"683\" height=\"1024\" src=\"https:\/\/encuentroinformativo.com.mx\/wp-content\/uploads\/2023\/01\/Photo_1674626451506.jpg\" alt=\"\" data-id=\"35907\" data-full-url=\"https:\/\/encuentroinformativo.com.mx\/wp-content\/uploads\/2023\/01\/Photo_1674626451506.jpg\" data-link=\"https:\/\/encuentroinformativo.com.mx\/?attachment_id=35907\" class=\"wp-image-35907\" srcset=\"https:\/\/encuentroinformativo.com.mx\/wp-content\/uploads\/2023\/01\/Photo_1674626451506.jpg 683w, https:\/\/encuentroinformativo.com.mx\/wp-content\/uploads\/2023\/01\/Photo_1674626451506-200x300.jpg 200w\" sizes=\"auto, (max-width: 683px) 100vw, 683px\" \/><\/figure><\/li><li class=\"blocks-gallery-item\"><figure><img loading=\"lazy\" decoding=\"async\" width=\"1024\" height=\"683\" src=\"https:\/\/encuentroinformativo.com.mx\/wp-content\/uploads\/2023\/01\/Photo_1674626480271.jpg\" alt=\"\" data-id=\"35908\" data-full-url=\"https:\/\/encuentroinformativo.com.mx\/wp-content\/uploads\/2023\/01\/Photo_1674626480271.jpg\" data-link=\"https:\/\/encuentroinformativo.com.mx\/?attachment_id=35908\" class=\"wp-image-35908\" srcset=\"https:\/\/encuentroinformativo.com.mx\/wp-content\/uploads\/2023\/01\/Photo_1674626480271.jpg 1024w, https:\/\/encuentroinformativo.com.mx\/wp-content\/uploads\/2023\/01\/Photo_1674626480271-300x200.jpg 300w, https:\/\/encuentroinformativo.com.mx\/wp-content\/uploads\/2023\/01\/Photo_1674626480271-768x512.jpg 768w\" sizes=\"auto, (max-width: 1024px) 100vw, 1024px\" \/><\/figure><\/li><\/ul><\/figure>\n","protected":false},"excerpt":{"rendered":"<p>Banderilla, Ver.- Est\u00e1 noche se registr\u00f3 una intensa movilizaci\u00f3n por parte de elementos de Seguridad P\u00fablica y Fuerza Civil y Bomberos de Xalapa, tras el reporte de un sujeto que subi\u00f3 al puente peatonal del CETIS en Banderilla y que amenazaba con arrojarse. Por lo que los elementos procedieron a dialogar con el hombre de [&hellip;]<\/p>\n","protected":false},"author":2476,"featured_media":35905,"comment_status":"open","ping_status":"open","sticky":false,"template":"","format":"standard","meta":{"_jetpack_memberships_contains_paid_content":false,"footnotes":""},"categories":[14],"tags":[],"class_list":["post-35904","post","type-post","status-publish","format-standard","has-post-thumbnail","hentry","category-policiaca"],"jetpack_featured_media_url":"https:\/\/encuentroinformativo.com.mx\/wp-content\/uploads\/2023\/01\/Photo_1674626336079.jpg","jetpack_sharing_enabled":true,"jetpack_likes_enabled":true,"amp_enabled":true,"_links":{"self":[{"href":"https:\/\/encuentroinformativo.com.mx\/index.php?rest_route=\/wp\/v2\/posts\/35904","targetHints":{"allow":["GET"]}}],"collection":[{"href":"https:\/\/encuentroinformativo.com.mx\/index.php?rest_route=\/wp\/v2\/posts"}],"about":[{"href":"https:\/\/encuentroinformativo.com.mx\/index.php?rest_route=\/wp\/v2\/types\/post"}],"author":[{"embeddable":true,"href":"https:\/\/encuentroinformativo.com.mx\/index.php?rest_route=\/wp\/v2\/users\/2476"}],"replies":[{"embeddable":true,"href":"https:\/\/encuentroinformativo.com.mx\/index.php?rest_route=%2Fwp%2Fv2%2Fcomments&post=35904"}],"version-history":[{"count":1,"href":"https:\/\/encuentroinformativo.com.mx\/index.php?rest_route=\/wp\/v2\/posts\/35904\/revisions"}],"predecessor-version":[{"id":35909,"href":"https:\/\/encuentroinformativo.com.mx\/index.php?rest_route=\/wp\/v2\/posts\/35904\/revisions\/35909"}],"wp:featuredmedia":[{"embeddable":true,"href":"https:\/\/encuentroinformativo.com.mx\/index.php?rest_route=\/wp\/v2\/media\/35905"}],"wp:attachment":[{"href":"https:\/\/encuentroinformativo.com.mx\/index.php?rest_route=%2Fwp%2Fv2%2Fmedia&parent=35904"}],"wp:term":[{"taxonomy":"category","embeddable":true,"href":"https:\/\/encuentroinformativo.com.mx\/index.php?rest_route=%2Fwp%2Fv2%2Fcategories&post=35904"},{"taxonomy":"post_tag","embeddable":true,"href":"https:\/\/encuentroinformativo.com.mx\/index.php?rest_route=%2Fwp%2Fv2%2Ftags&post=35904"}],"curies":[{"name":"wp","href":"https:\/\/api.w.org\/{rel}","templated":true}]}}