{"id":3591,"date":"2020-06-24T14:44:19","date_gmt":"2020-06-24T19:44:19","guid":{"rendered":"https:\/\/encuentroinformativo.com\/?p=3591"},"modified":"2020-06-24T14:44:22","modified_gmt":"2020-06-24T19:44:22","slug":"iglesias-evangelicas-reanudaran-actividades","status":"publish","type":"post","link":"https:\/\/encuentroinformativo.com.mx\/?p=3591","title":{"rendered":"Iglesias evang\u00e9licas reanudar\u00e1n actividades"},"content":{"rendered":"\n<p><strong>Dar\u00edo Pale <\/strong><\/p>\n\n\n\n<p>Xalapa, Ver.- A pesar del color rojo de la semaforizaci\u00f3n epidemiol\u00f3gica en el que se encuentra Veracruz, es decir, de mayor riesgo de contagios de coronavirus, las iglesias evang\u00e9licas reabrir\u00e1n a partir de julio sus templos para congregar a sus fieles, as\u00ed lo se\u00f1al\u00f3 el presidente de la Red Evang\u00e9lica del Estado de Veracruz, Guillermo Trujillo \u00c1lvarez.<\/p>\n\n\n\n<p>En conferencia de prensa realizada en conocido caf\u00e9 de zona centro de Xalapa dio a conocer que, \u201cla gente ya est\u00e1 ansiosa \u00a0 de reunirse, de congregarse. Lo vamos a hacer a partir del pr\u00f3ximo mes con las medidas precautorias, sanitarias, hasta extremas&#8221;.<\/p>\n\n\n\n<p>Explic\u00f3 que decidieron romper con la restricci\u00f3n sanitaria en las 3 mil iglesias evang\u00e9licas en esta entidad porque no hay certeza del fin de la pandemia, por lo que la apertura de las iglesias se dar\u00e1 observando todas la recomendaciones de seguridad que han hecho las autoridades para evitar contagios de Covid-19.<\/p>\n\n\n\n<p>&#8220;En los casi 200 municipios vamos a seguir reuni\u00e9ndonos. No podemos dejar de hacerlo porque no sabemos si esto se va a componer en un mes, en tres, en seis, en dos a\u00f1os. No sabemos. Tenemos que aprender a vivir con esta nueva realidad, con esta nueva normalidad&#8221;, inform\u00f3.<\/p>\n\n\n\n<p>Guillermo Trujillo dio a conocer que se han estado reuniendo para tomar la mencionada determinaci\u00f3n \u201cante la confusi\u00f3n que generan las mismas autoridades en lo que se refiere al manejo de la pandemia, puesto que ni ellos mismos saben en qu\u00e9 momento habr\u00e1 apertura; sus mensajes nos dicen que puede ser dentro de un mes o tres o m\u00e1s tiempo por lo cual no podemos seguir sin reunirnos\u201d.<\/p>\n\n\n\n<p>La iglesia es esencial ante la crisis de salud que actualmente se vive y un derecho humano, por lo que tambi\u00e9n est\u00e1n listos para defender legalmente esta postura, &#8220;nos hemos asesorado jur\u00eddicamente, tenemos especialistas dentro de nuestra iglesia, peritos jur\u00eddicos, donde vamos a guardar que la Ley tambi\u00e9n nos respalde&#8221;.<\/p>\n\n\n\n<p>Finalmente asegur\u00f3 que hay aproximadamente un mill\u00f3n de evang\u00e9licos que necesitan regresar a sus templos que reiniciar\u00edan sus cultos \u00a0con los cuidados sanitarios y con la mitad del cupo en un inicio.<\/p>\n\n\n\n<p><\/p>\n","protected":false},"excerpt":{"rendered":"<p>Dar\u00edo Pale Xalapa, Ver.- A pesar del color rojo de la semaforizaci\u00f3n epidemiol\u00f3gica en el que se encuentra Veracruz, es decir, de mayor riesgo de contagios de coronavirus, las iglesias evang\u00e9licas reabrir\u00e1n a partir de julio sus templos para congregar a sus fieles, as\u00ed lo se\u00f1al\u00f3 el presidente de la Red Evang\u00e9lica del Estado de [&hellip;]<\/p>\n","protected":false},"author":1,"featured_media":3592,"comment_status":"open","ping_status":"open","sticky":false,"template":"","format":"standard","meta":{"_jetpack_memberships_contains_paid_content":false,"footnotes":""},"categories":[3],"tags":[],"class_list":["post-3591","post","type-post","status-publish","format-standard","has-post-thumbnail","hentry","category-xalapa"],"jetpack_featured_media_url":"https:\/\/encuentroinformativo.com.mx\/wp-content\/uploads\/2020\/06\/C906E8B3-84A6-4244-96F1-76677ACB85B3.jpeg","jetpack_sharing_enabled":true,"jetpack_likes_enabled":true,"amp_enabled":true,"_links":{"self":[{"href":"https:\/\/encuentroinformativo.com.mx\/index.php?rest_route=\/wp\/v2\/posts\/3591","targetHints":{"allow":["GET"]}}],"collection":[{"href":"https:\/\/encuentroinformativo.com.mx\/index.php?rest_route=\/wp\/v2\/posts"}],"about":[{"href":"https:\/\/encuentroinformativo.com.mx\/index.php?rest_route=\/wp\/v2\/types\/post"}],"author":[{"embeddable":true,"href":"https:\/\/encuentroinformativo.com.mx\/index.php?rest_route=\/wp\/v2\/users\/1"}],"replies":[{"embeddable":true,"href":"https:\/\/encuentroinformativo.com.mx\/index.php?rest_route=%2Fwp%2Fv2%2Fcomments&post=3591"}],"version-history":[{"count":1,"href":"https:\/\/encuentroinformativo.com.mx\/index.php?rest_route=\/wp\/v2\/posts\/3591\/revisions"}],"predecessor-version":[{"id":3593,"href":"https:\/\/encuentroinformativo.com.mx\/index.php?rest_route=\/wp\/v2\/posts\/3591\/revisions\/3593"}],"wp:featuredmedia":[{"embeddable":true,"href":"https:\/\/encuentroinformativo.com.mx\/index.php?rest_route=\/wp\/v2\/media\/3592"}],"wp:attachment":[{"href":"https:\/\/encuentroinformativo.com.mx\/index.php?rest_route=%2Fwp%2Fv2%2Fmedia&parent=3591"}],"wp:term":[{"taxonomy":"category","embeddable":true,"href":"https:\/\/encuentroinformativo.com.mx\/index.php?rest_route=%2Fwp%2Fv2%2Fcategories&post=3591"},{"taxonomy":"post_tag","embeddable":true,"href":"https:\/\/encuentroinformativo.com.mx\/index.php?rest_route=%2Fwp%2Fv2%2Ftags&post=3591"}],"curies":[{"name":"wp","href":"https:\/\/api.w.org\/{rel}","templated":true}]}}