{"id":35910,"date":"2023-01-25T09:52:45","date_gmt":"2023-01-25T15:52:45","guid":{"rendered":"https:\/\/encuentroinformativo.com.mx\/?p=35910"},"modified":"2023-01-25T09:52:49","modified_gmt":"2023-01-25T15:52:49","slug":"este-ano-contemplan-autoridades-remodelacion-de-carretera-veracruz-el-tejar","status":"publish","type":"post","link":"https:\/\/encuentroinformativo.com.mx\/?p=35910","title":{"rendered":"Este a\u00f1o, contemplan autoridades remodelaci\u00f3n de carretera Veracruz &#8211; El Tejar"},"content":{"rendered":"\n<p><strong>Alejandro \u00c1vila<\/strong><\/p>\n\n\n\n<p>Medell\u00edn de Bravo, Ver.- Sin una fecha concreta para iniciar los trabajos, se contempla que en 2023 se rehabilit\u00e9 la carretera Veracruz &#8211; El Tejar, inform\u00f3 el alcalde de Medell\u00edn de Bravo, Marcos Isle\u00f1o Andrade.<\/p>\n\n\n\n<p>El presidente municipal dijo que se contempla qu\u00e9 antes de que termine el mes de enero se retoman las pl\u00e1ticas con el Gobierno de Veracruz a trav\u00e9s de la Secretar\u00eda de Infraestructura y Obra P\u00fablica (SIOP), para que se puede iniciar con el tramo del Tejar hacia Boca del R\u00edo (Infonavit Las Vegas).<\/p>\n\n\n\n<p>Cabe recordar que en el mes de diciembre la Secretar\u00eda de Comunicaciones y Transportes (SCT) bache\u00f3 una parte del tramo carretero, espec\u00edficamente la que va del municipio de Veracruz a la localidad del Tejar en Medell\u00edn de Bravo.<\/p>\n\n\n\n<p>&#8220;Es un tema con Gobierno del Estado, la SCt vino a bachear, la prioridad es que, a trav\u00e9s de la SIOP se pueda reencarpetar ese tramo (\u2026) la idea es que sea el tramo m\u00e1s afectado qu\u00e9 es el de Boca del R\u00edo, qu\u00e9 va del Arroyo Moreno a Las Vegas, ese tramo es el quisieramos que se hiciera en 2023, porque el otro lado qu\u00e9 es el de Veracruz, m\u00e1s o menos est\u00e1 en buen estado&#8221;, apunt\u00f3.<\/p>\n\n\n\n<p>Marcos Isle\u00f1o recalc\u00f3 que est\u00e1 solicitud al Gobierno del Estado la hizo \u00fanicamente el Ayuntamiento a su cargo, debido a que los medellinenses son los que m\u00e1s toman esta ruta para salir al trabajo o la escuela.<\/p>\n\n\n\n<p>Esta obra que requiere una fuerte inversi\u00f3n, se podr\u00eda llevar a cabo con recursos del Fondo Metropolitano, pues finalmente es de beneficio para los municipios de Veracruz, Boca del R\u00edo y Medell\u00edn de Bravo.<\/p>\n","protected":false},"excerpt":{"rendered":"<p>Alejandro \u00c1vila Medell\u00edn de Bravo, Ver.- Sin una fecha concreta para iniciar los trabajos, se contempla que en 2023 se rehabilit\u00e9 la carretera Veracruz &#8211; El Tejar, inform\u00f3 el alcalde de Medell\u00edn de Bravo, Marcos Isle\u00f1o Andrade. El presidente municipal dijo que se contempla qu\u00e9 antes de que termine el mes de enero se retoman [&hellip;]<\/p>\n","protected":false},"author":2476,"featured_media":35911,"comment_status":"open","ping_status":"open","sticky":false,"template":"","format":"standard","meta":{"_jetpack_memberships_contains_paid_content":false,"footnotes":""},"categories":[2],"tags":[],"class_list":["post-35910","post","type-post","status-publish","format-standard","has-post-thumbnail","hentry","category-estado"],"jetpack_featured_media_url":"https:\/\/encuentroinformativo.com.mx\/wp-content\/uploads\/2023\/01\/IMG-20230125-WA0005.jpg","jetpack_sharing_enabled":true,"jetpack_likes_enabled":true,"amp_enabled":true,"_links":{"self":[{"href":"https:\/\/encuentroinformativo.com.mx\/index.php?rest_route=\/wp\/v2\/posts\/35910","targetHints":{"allow":["GET"]}}],"collection":[{"href":"https:\/\/encuentroinformativo.com.mx\/index.php?rest_route=\/wp\/v2\/posts"}],"about":[{"href":"https:\/\/encuentroinformativo.com.mx\/index.php?rest_route=\/wp\/v2\/types\/post"}],"author":[{"embeddable":true,"href":"https:\/\/encuentroinformativo.com.mx\/index.php?rest_route=\/wp\/v2\/users\/2476"}],"replies":[{"embeddable":true,"href":"https:\/\/encuentroinformativo.com.mx\/index.php?rest_route=%2Fwp%2Fv2%2Fcomments&post=35910"}],"version-history":[{"count":1,"href":"https:\/\/encuentroinformativo.com.mx\/index.php?rest_route=\/wp\/v2\/posts\/35910\/revisions"}],"predecessor-version":[{"id":35912,"href":"https:\/\/encuentroinformativo.com.mx\/index.php?rest_route=\/wp\/v2\/posts\/35910\/revisions\/35912"}],"wp:featuredmedia":[{"embeddable":true,"href":"https:\/\/encuentroinformativo.com.mx\/index.php?rest_route=\/wp\/v2\/media\/35911"}],"wp:attachment":[{"href":"https:\/\/encuentroinformativo.com.mx\/index.php?rest_route=%2Fwp%2Fv2%2Fmedia&parent=35910"}],"wp:term":[{"taxonomy":"category","embeddable":true,"href":"https:\/\/encuentroinformativo.com.mx\/index.php?rest_route=%2Fwp%2Fv2%2Fcategories&post=35910"},{"taxonomy":"post_tag","embeddable":true,"href":"https:\/\/encuentroinformativo.com.mx\/index.php?rest_route=%2Fwp%2Fv2%2Ftags&post=35910"}],"curies":[{"name":"wp","href":"https:\/\/api.w.org\/{rel}","templated":true}]}}