{"id":35923,"date":"2023-01-25T12:28:45","date_gmt":"2023-01-25T18:28:45","guid":{"rendered":"https:\/\/encuentroinformativo.com.mx\/?p=35923"},"modified":"2023-01-25T12:28:49","modified_gmt":"2023-01-25T18:28:49","slug":"sindica-acusa-irregularidades-en-ayuntamiento-de-jalacingo","status":"publish","type":"post","link":"https:\/\/encuentroinformativo.com.mx\/?p=35923","title":{"rendered":"S\u00edndica acusa irregularidades en Ayuntamiento de Jalacingo"},"content":{"rendered":"\n<p><strong>Dar\u00edo Pale <\/strong><\/p>\n\n\n\n<p>Xalapa, Ver.- La S\u00edndica del ayuntamiento de Jalacingo, Concepci\u00f3n Bandala Mart\u00ednez, denunci\u00f3 presuntas irregularidades financieras del alcalde Roberto Perdomo Chino, de igual manera acusa que sufre violencia de g\u00e9nero y acoso sexual por parte del edil.<\/p>\n\n\n\n<p>En conferencia de prensa se\u00f1al\u00f3 que ya ha presentado dos denuncias.<\/p>\n\n\n\n<p>&#8220;Siendo estos hechos, que dan pie a la primer denuncia levantada en la Fiscal\u00eda Especializada en combate a la corrupci\u00f3n en contra del presidente municipal, regidores, tesorero y quienes resulten responsables&#8221;.\u00a0<\/p>\n\n\n\n<p>De igual manera, dio a conocer una segunda denuncia interpuesta en la Fiscal\u00eda de Delitos Electorales y en delitos contra la libertad de expresi\u00f3n.\u00a0<\/p>\n\n\n\n<p>&#8220;Con el objetivo de se\u00f1alar violencia pol\u00edtica en mi contra, ya que he recibida amenazas, coartando mi libertad de expresi\u00f3n y trabajo, recibiendo humillaciones constantes, de \u00e9l y los dem\u00e1s compa\u00f1eros ediles. De hecho me ha amenazado con presentar a la prensa mi imagen, para, seg\u00fan \u00e9l, evidenciar que me reh\u00faso a trabajar y firmar sus acuerdos&#8221;, se\u00f1al\u00f3.<\/p>\n\n\n\n<p>Incluso, acus\u00f3 que en contubernio con la regidora la pretenden intimidar diciendo que le dir\u00e1n al pueblo que no quiere ser part\u00edcipe y la linchen.<\/p>\n\n\n\n<p>&#8220;Ya han existido anteriormente otros asuntos de los que nunca he querido ser parte, siendo siempre atacada y violentada y por miedo no hab\u00eda querido denunciar ni exponerlo, pero al ver que esto rebasa los l\u00edmites es que hoy acudo para darles a conocer esta situaci\u00f3n, pues no puedo estar tranquila, ya no quiero seguir siendo intimidada por ellos, s\u00e9 que con esto pongo mi integridad y la de mi familia en riesgo&#8221;, acus\u00f3.<\/p>\n\n\n\n<p>Adem\u00e1s, dijo que tambi\u00e9n ha sido amedrentada y violentada de muchas formas, por lo que los responsabiliz\u00f3 de lo que les pudiera pasar a ella y a su familia, pues incluso, coment\u00f3, ha llegado al acoso sexual por parte del presidente municipal, quien luego de humillaciones y groser\u00edas pretende abrazarla e incluso besarla sin su consentimiento.\u00a0<\/p>\n\n\n\n<p>De manera que hizo un llamado al gobierno estatal representado por \u00a0Cuitl\u00e1huac Garc\u00eda Jim\u00e9nez, pidiendo su intervenci\u00f3n y la del secretario de Gobierno, Eric Cisneros Burgos, para que intercedan y sean parte de esta investigaci\u00f3n.\u00a0<\/p>\n\n\n\n<p>&#8220;Y as\u00ed mismo sepan que aunque estoy vulnerada y hostigada siempre levantar\u00e9 la voz, pues me manejo bajo los lineamientos de la cuarta transformaci\u00f3n y el presidente de la Rep\u00fablica, no mentir no robar y no traicionar, muy diferente de lo que en Jalacingo est\u00e1 haciendo Roberto Perdomo Chino y sus c\u00f3mplices&#8221;, dijo en la conferencia.<\/p>\n\n\n\n<p>En otro orden de ideas denunci\u00f3 que el edil en coalici\u00f3n con los regidores, tesorero y otros personajes han realizado varios actos de que violentan la ley y traicionan la confianza que les dio el pueblo.<\/p>\n\n\n\n<p>\u201cEn mi car\u00e1cter de s\u00edndica del Ayuntamiento en menci\u00f3n, en la presente administraci\u00f3n 2022-2025, me he percatado de diversas situaciones que violentan la ley y vulneran las finanzas municipales, traicionando la confianza que en su momento deposit\u00f3 el pueblo de Jalacingo al ahora Presidente Municipal, Roberto Perdomo Chino y a todos los ediles&#8221;, coment\u00f3.<\/p>\n\n\n\n<p>Al respecto, indic\u00f3 que por no querer ser part\u00edcipe, se he ganado el rechazo, burlas, amenazas y acoso de los compa\u00f1eros ediles.\u00a0<\/p>\n\n\n\n<p>&#8220;El alcalde de Jalacingo pretende comprar un terreno en la localidad de Xalame, ese terreno era propiedad de una persona que ya falleci\u00f3, y desde luego no dej\u00f3 herederos, y a la fecha no tiene propietario legal&#8221;, inform\u00f3.<\/p>\n\n\n\n<p>Sin embargo, dijo, el alcalde de manera &#8220;ma\u00f1osa&#8221; hizo aparecer a una persona de la tercera edad como posible due\u00f1a, con la que quiso formalizar la compra venta de la propiedad, apareciendo posteriormente un sobrino del fallecido, quien tambi\u00e9n se dijo due\u00f1o.\u00a0<\/p>\n\n\n\n<p>&#8220;Por lo que se entiende que es una propiedad no regularizada al no comprobar adecuadamente un propietario, pues no hay sucesi\u00f3n ni informaci\u00f3n testimonial perpetua a favor de nadie que se acredite la propiedad y, por lo tanto, no se pueden ejercer acciones de compra-venta&#8221;, pese a ello enviaron documentos con notario.\u00a0<\/p>\n\n\n\n<p>Finalmente dio a conocer que, &#8220;de manera indebida intent\u00f3 hacerme firmar una escritura de compraventa de posesi\u00f3n, la cual me negu\u00e9 a firmar, siendo que a la fecha no se ha firmado la escritura, sin embargo en los estados financieros del Ayuntamiento, aparece reportado una cantidad de 350 mil pesos, como venta concretada, siendo que yo como s\u00edndica \u00fanica y representante, soy la persona que debe firmar para realizar este tipo de tr\u00e1mites&#8221;.\u00a0<\/p>\n","protected":false},"excerpt":{"rendered":"<p>Dar\u00edo Pale Xalapa, Ver.- La S\u00edndica del ayuntamiento de Jalacingo, Concepci\u00f3n Bandala Mart\u00ednez, denunci\u00f3 presuntas irregularidades financieras del alcalde Roberto Perdomo Chino, de igual manera acusa que sufre violencia de g\u00e9nero y acoso sexual por parte del edil. En conferencia de prensa se\u00f1al\u00f3 que ya ha presentado dos denuncias. &#8220;Siendo estos hechos, que dan pie [&hellip;]<\/p>\n","protected":false},"author":2476,"featured_media":35924,"comment_status":"open","ping_status":"open","sticky":false,"template":"","format":"standard","meta":{"_jetpack_memberships_contains_paid_content":false,"footnotes":""},"categories":[2],"tags":[],"class_list":["post-35923","post","type-post","status-publish","format-standard","has-post-thumbnail","hentry","category-estado"],"jetpack_featured_media_url":"https:\/\/encuentroinformativo.com.mx\/wp-content\/uploads\/2023\/01\/IMG-20230125-WA00242.jpg","jetpack_sharing_enabled":true,"jetpack_likes_enabled":true,"amp_enabled":true,"_links":{"self":[{"href":"https:\/\/encuentroinformativo.com.mx\/index.php?rest_route=\/wp\/v2\/posts\/35923","targetHints":{"allow":["GET"]}}],"collection":[{"href":"https:\/\/encuentroinformativo.com.mx\/index.php?rest_route=\/wp\/v2\/posts"}],"about":[{"href":"https:\/\/encuentroinformativo.com.mx\/index.php?rest_route=\/wp\/v2\/types\/post"}],"author":[{"embeddable":true,"href":"https:\/\/encuentroinformativo.com.mx\/index.php?rest_route=\/wp\/v2\/users\/2476"}],"replies":[{"embeddable":true,"href":"https:\/\/encuentroinformativo.com.mx\/index.php?rest_route=%2Fwp%2Fv2%2Fcomments&post=35923"}],"version-history":[{"count":1,"href":"https:\/\/encuentroinformativo.com.mx\/index.php?rest_route=\/wp\/v2\/posts\/35923\/revisions"}],"predecessor-version":[{"id":35925,"href":"https:\/\/encuentroinformativo.com.mx\/index.php?rest_route=\/wp\/v2\/posts\/35923\/revisions\/35925"}],"wp:featuredmedia":[{"embeddable":true,"href":"https:\/\/encuentroinformativo.com.mx\/index.php?rest_route=\/wp\/v2\/media\/35924"}],"wp:attachment":[{"href":"https:\/\/encuentroinformativo.com.mx\/index.php?rest_route=%2Fwp%2Fv2%2Fmedia&parent=35923"}],"wp:term":[{"taxonomy":"category","embeddable":true,"href":"https:\/\/encuentroinformativo.com.mx\/index.php?rest_route=%2Fwp%2Fv2%2Fcategories&post=35923"},{"taxonomy":"post_tag","embeddable":true,"href":"https:\/\/encuentroinformativo.com.mx\/index.php?rest_route=%2Fwp%2Fv2%2Ftags&post=35923"}],"curies":[{"name":"wp","href":"https:\/\/api.w.org\/{rel}","templated":true}]}}