{"id":35926,"date":"2023-01-25T12:40:37","date_gmt":"2023-01-25T18:40:37","guid":{"rendered":"https:\/\/encuentroinformativo.com.mx\/?p=35926"},"modified":"2023-01-25T12:40:40","modified_gmt":"2023-01-25T18:40:40","slug":"casi-imposible-iniciar-en-2023-con-obra-de-artes-en-ex-penal-de-allende","status":"publish","type":"post","link":"https:\/\/encuentroinformativo.com.mx\/?p=35926","title":{"rendered":"Casi imposible iniciar en 2023 con obra de Artes en ex Penal de Allende"},"content":{"rendered":"\n<p><strong>Alejandro \u00c1vila<\/strong><\/p>\n\n\n\n<p>Veracruz, Ver.- Debido al poco recurso que le fue autorizado a la Universidad Veracruzana para 2023 por parte del Congreso del Estado, ser\u00eda casi imposible iniciar con la obra de la Facultad de Artes que se tiene prevista hacer en el ex Penal de Allende en el puerto de Veracruz mencion\u00f3 el vicerrector, Rub\u00e9n Edel Navarro.<\/p>\n\n\n\n<p>Cabe recordar que el pasado 20 de diciembre del 2022, el Congreso de Veracruz aprob\u00f3 una reducci\u00f3n en el presupuesto del presente a\u00f1o para la Universidad Veracruzana de un mil millones de pesos; por lo que la m\u00e1xima casa de estudios ahora recibir\u00e1 en 2023, 3 mil 64 millones 402 mil 962 pesos.<\/p>\n\n\n\n<p>&#8220;No, no hay presupuesto que alcance en ese sentido, y bueno, dentro de todos los proyectos estrat\u00e9gicos ese nada m\u00e1s ser\u00eda uno, particularmente para la regi\u00f3n de Veracruz, pero que evidentemente impactar\u00eda en eso (\u2026) ten\u00edamos un aproximado, no s\u00e9, tampoco soy experto en eso, pero qu\u00e9 va a demandar una cantidad importante de recursos, que originalmente hab\u00edamos comentado que el proyecto podr\u00eda arrancar con 30 millones de pesos, pero que evidentemente eso ser\u00eda solo la primera etapa&#8221;, apunt\u00f3.<\/p>\n\n\n\n<p>El vicerrector aclar\u00f3 que debido a la gran responsabilidad social que tiene la Universidad Veracruzana, esta debe buscar gestionar recursos en otras instancias o incluso con la iniciativa privada, para poder cumplir con este tipo de compromisos.<\/p>\n\n\n\n<p>&#8220;Todo va a depender de nuestra vsi\u00f3n, de nuestra posibilidad de generar espacios de colaboraci\u00f3n, justo por eso estamos aqu\u00ed en este d\u00eda, para exponer cu\u00e1l es la idea para el desarrollo social y comunitario, y ver las salidas para poder arrancar estos proyectos que son muy importantes no solamente para la regi\u00f3n sino para el estado&#8221;, remat\u00f3.<\/p>\n","protected":false},"excerpt":{"rendered":"<p>Alejandro \u00c1vila Veracruz, Ver.- Debido al poco recurso que le fue autorizado a la Universidad Veracruzana para 2023 por parte del Congreso del Estado, ser\u00eda casi imposible iniciar con la obra de la Facultad de Artes que se tiene prevista hacer en el ex Penal de Allende en el puerto de Veracruz mencion\u00f3 el vicerrector, [&hellip;]<\/p>\n","protected":false},"author":2476,"featured_media":35927,"comment_status":"open","ping_status":"open","sticky":false,"template":"","format":"standard","meta":{"_jetpack_memberships_contains_paid_content":false,"footnotes":""},"categories":[2],"tags":[],"class_list":["post-35926","post","type-post","status-publish","format-standard","has-post-thumbnail","hentry","category-estado"],"jetpack_featured_media_url":"https:\/\/encuentroinformativo.com.mx\/wp-content\/uploads\/2023\/01\/IMG-20230125-WA0027.jpg","jetpack_sharing_enabled":true,"jetpack_likes_enabled":true,"amp_enabled":true,"_links":{"self":[{"href":"https:\/\/encuentroinformativo.com.mx\/index.php?rest_route=\/wp\/v2\/posts\/35926","targetHints":{"allow":["GET"]}}],"collection":[{"href":"https:\/\/encuentroinformativo.com.mx\/index.php?rest_route=\/wp\/v2\/posts"}],"about":[{"href":"https:\/\/encuentroinformativo.com.mx\/index.php?rest_route=\/wp\/v2\/types\/post"}],"author":[{"embeddable":true,"href":"https:\/\/encuentroinformativo.com.mx\/index.php?rest_route=\/wp\/v2\/users\/2476"}],"replies":[{"embeddable":true,"href":"https:\/\/encuentroinformativo.com.mx\/index.php?rest_route=%2Fwp%2Fv2%2Fcomments&post=35926"}],"version-history":[{"count":1,"href":"https:\/\/encuentroinformativo.com.mx\/index.php?rest_route=\/wp\/v2\/posts\/35926\/revisions"}],"predecessor-version":[{"id":35928,"href":"https:\/\/encuentroinformativo.com.mx\/index.php?rest_route=\/wp\/v2\/posts\/35926\/revisions\/35928"}],"wp:featuredmedia":[{"embeddable":true,"href":"https:\/\/encuentroinformativo.com.mx\/index.php?rest_route=\/wp\/v2\/media\/35927"}],"wp:attachment":[{"href":"https:\/\/encuentroinformativo.com.mx\/index.php?rest_route=%2Fwp%2Fv2%2Fmedia&parent=35926"}],"wp:term":[{"taxonomy":"category","embeddable":true,"href":"https:\/\/encuentroinformativo.com.mx\/index.php?rest_route=%2Fwp%2Fv2%2Fcategories&post=35926"},{"taxonomy":"post_tag","embeddable":true,"href":"https:\/\/encuentroinformativo.com.mx\/index.php?rest_route=%2Fwp%2Fv2%2Ftags&post=35926"}],"curies":[{"name":"wp","href":"https:\/\/api.w.org\/{rel}","templated":true}]}}