{"id":35929,"date":"2023-01-25T13:37:12","date_gmt":"2023-01-25T19:37:12","guid":{"rendered":"https:\/\/encuentroinformativo.com.mx\/?p=35929"},"modified":"2023-01-25T13:37:15","modified_gmt":"2023-01-25T19:37:15","slug":"promueven-carrera-atletica-por-43-aniversario-de-rtv","status":"publish","type":"post","link":"https:\/\/encuentroinformativo.com.mx\/?p=35929","title":{"rendered":"Promueven carrera atl\u00e9tica por 43 aniversario de RTV"},"content":{"rendered":"\n<p><strong>Juan Arcos <\/strong><\/p>\n\n\n\n<p>Xalapa, Ver.- Radiotelevisi\u00f3n de Veracruz (RTV) anunci\u00f3 la carrera atl\u00e9tica 7K para conmemorar el 43 aniversario de su fundaci\u00f3n.<\/p>\n\n\n\n<p>El evento deportivo se llevar\u00e1 a cabo el pr\u00f3ximo 5 de marzo en esta ciudad de Xalapa. Iniciar\u00e1 a las 7:30 horas en la calle Aguascalientes, en la zona del Parque Ecol\u00f3gico Macuilt\u00e9petl y la meta ser\u00e1 en RTV, en el Cerro de la Galaxia.<\/p>\n\n\n\n<p>El director general de RTV, V\u00edctor Hugo Cisneros Hern\u00e1ndez, record\u00f3 que este medio de comunicaci\u00f3n p\u00fablico cumpli\u00f3 43 a\u00f1os el 6 de enero pasado, siendo uno de los m\u00e1s prestigiosos del pa\u00eds.<\/p>\n\n\n\n<p>&#8220;Es un medio de los m\u00e1s longevos, de los que m\u00e1s premios ganan a\u00f1o con a\u00f1o y por este nuevo aniversario quisimos organizar una carrera 7K (siete kil\u00f3metros), cuatro m\u00e1s tres es igual a siete, 43 aniversario, ah\u00ed est\u00e1 marcado. La misi\u00f3n, la visi\u00f3n de un medio p\u00fablico no es organizarlo pero quisimos hacerlo porque estamos contentos\u201d, insisti\u00f3.<\/p>\n\n\n\n<p>En rueda de prensa, indic\u00f3 que hay muchos motivos para celebrar, por ejemplo, la concesi\u00f3n por m\u00e1s de 15 a\u00f1os en Las Lajas.<\/p>\n\n\n\n<p>\u201cEste a\u00f1o vendr\u00e1n bastante sorpresas en ese sentido. Quiero agradecer a nuestros amigos patrocinadores, quiero agradecer porque estamos celebrando este aniversario e invitar a la gente, a las familias, porque hay que recordar que RTV es una gran familia\u201d, enfatiz\u00f3.<\/p>\n\n\n\n<p>Cisneros Hern\u00e1ndez destac\u00f3 que la carrera de RTV tiene la particularidad de que ser\u00e1 televisada y ser\u00e1 transmitida a trav\u00e9s de redes sociales.<\/p>\n\n\n\n<p>\u201cTiene ese plus, la gente se puede ver en la tele, en las redes sociales. Tambi\u00e9n hemos preparado para el d\u00eda de la entrega de los kits varios sorpresas, por ejemplo, que la gente pueda conocer un poco m\u00e1s el canal, van a estar abiertas nuestras unidades m\u00f3viles, va a ser toda una fiesta en el Cerro de la Galaxia\u201d, a\u00f1adi\u00f3.<\/p>\n\n\n\n<p>La carrera contar\u00e1 con cinco categor\u00edas: libre (hasta 39 a\u00f1os), m\u00e1ster (40 a 49 a\u00f1os), veteranos (50 a 59 a\u00f1os), veteranos plus (60 a\u00f1os y m\u00e1s) y RTV.<\/p>\n\n\n\n<p><strong>INSCRIPCIONES<\/strong><\/p>\n\n\n\n<p>Las inscripciones se abrir\u00e1n a partir de la publicaci\u00f3n de la convocatoria y ser\u00e1 limitada a 600 participantes repartidos en sus diferentes categor\u00edas.<\/p>\n\n\n\n<p>Se cerrar\u00e1n el s\u00e1bado 4 de marzo a las 15:00 horas, las inscripciones que se realicen con dep\u00f3sito bancario e internet, solo ser\u00e1n v\u00e1lidas hasta el jueves 2 de marzo (siempre y cuando haya cupo).<\/p>\n\n\n\n<p>El costo de la inscripci\u00f3n ser\u00e1 de 300 pesos y deber\u00e1 pagarse antes del 16 de febrero del 2023.<br>El primer lugar ganar\u00e1 3 mil pesos, el segundo mil 500 pesos y el tercero mil pesos.<\/p>\n\n\n\n<p>La entrega de paquetes se realizar\u00e1 el d\u00eda s\u00e1bado 4 de marzo de las 11:00 a las15:00 horas, en las instalaciones de Radiotelevisi\u00f3n de Veracruz, entregando su comprobante de inscripci\u00f3n.<\/p>\n\n\n\n<p>Durante la carrera se contar\u00e1 con un operativo por parte de elementos de Protecci\u00f3n Civil municipal y de la Direcci\u00f3n General de Tr\u00e1nsito y Seguridad Vial para garantizar la integridad de los atletas.<\/p>\n","protected":false},"excerpt":{"rendered":"<p>Juan Arcos Xalapa, Ver.- Radiotelevisi\u00f3n de Veracruz (RTV) anunci\u00f3 la carrera atl\u00e9tica 7K para conmemorar el 43 aniversario de su fundaci\u00f3n. El evento deportivo se llevar\u00e1 a cabo el pr\u00f3ximo 5 de marzo en esta ciudad de Xalapa. Iniciar\u00e1 a las 7:30 horas en la calle Aguascalientes, en la zona del Parque Ecol\u00f3gico Macuilt\u00e9petl y [&hellip;]<\/p>\n","protected":false},"author":2476,"featured_media":35930,"comment_status":"open","ping_status":"open","sticky":false,"template":"","format":"standard","meta":{"_jetpack_memberships_contains_paid_content":false,"footnotes":""},"categories":[3],"tags":[],"class_list":["post-35929","post","type-post","status-publish","format-standard","has-post-thumbnail","hentry","category-xalapa"],"jetpack_featured_media_url":"https:\/\/encuentroinformativo.com.mx\/wp-content\/uploads\/2023\/01\/IMG_04322.jpg","jetpack_sharing_enabled":true,"jetpack_likes_enabled":true,"amp_enabled":true,"_links":{"self":[{"href":"https:\/\/encuentroinformativo.com.mx\/index.php?rest_route=\/wp\/v2\/posts\/35929","targetHints":{"allow":["GET"]}}],"collection":[{"href":"https:\/\/encuentroinformativo.com.mx\/index.php?rest_route=\/wp\/v2\/posts"}],"about":[{"href":"https:\/\/encuentroinformativo.com.mx\/index.php?rest_route=\/wp\/v2\/types\/post"}],"author":[{"embeddable":true,"href":"https:\/\/encuentroinformativo.com.mx\/index.php?rest_route=\/wp\/v2\/users\/2476"}],"replies":[{"embeddable":true,"href":"https:\/\/encuentroinformativo.com.mx\/index.php?rest_route=%2Fwp%2Fv2%2Fcomments&post=35929"}],"version-history":[{"count":1,"href":"https:\/\/encuentroinformativo.com.mx\/index.php?rest_route=\/wp\/v2\/posts\/35929\/revisions"}],"predecessor-version":[{"id":35931,"href":"https:\/\/encuentroinformativo.com.mx\/index.php?rest_route=\/wp\/v2\/posts\/35929\/revisions\/35931"}],"wp:featuredmedia":[{"embeddable":true,"href":"https:\/\/encuentroinformativo.com.mx\/index.php?rest_route=\/wp\/v2\/media\/35930"}],"wp:attachment":[{"href":"https:\/\/encuentroinformativo.com.mx\/index.php?rest_route=%2Fwp%2Fv2%2Fmedia&parent=35929"}],"wp:term":[{"taxonomy":"category","embeddable":true,"href":"https:\/\/encuentroinformativo.com.mx\/index.php?rest_route=%2Fwp%2Fv2%2Fcategories&post=35929"},{"taxonomy":"post_tag","embeddable":true,"href":"https:\/\/encuentroinformativo.com.mx\/index.php?rest_route=%2Fwp%2Fv2%2Ftags&post=35929"}],"curies":[{"name":"wp","href":"https:\/\/api.w.org\/{rel}","templated":true}]}}