{"id":35935,"date":"2023-01-25T13:50:34","date_gmt":"2023-01-25T19:50:34","guid":{"rendered":"https:\/\/encuentroinformativo.com.mx\/?p=35935"},"modified":"2023-01-25T13:50:39","modified_gmt":"2023-01-25T19:50:39","slug":"inconforme-prd-con-modelo-de-alianza-partidista","status":"publish","type":"post","link":"https:\/\/encuentroinformativo.com.mx\/?p=35935","title":{"rendered":"Inconforme PRD con modelo de alianza partidista"},"content":{"rendered":"\n<p><strong>Dar\u00edo Pale <\/strong><\/p>\n\n\n\n<p>Xalapa, Ver.- El Partido de la Revoluci\u00f3n Democr\u00e1tica (PRD) de Veracruz no quiere &#8220;modelito&#8221; de alianza con PRI y PAN que establecieron los l\u00edderes nacionales para las candidaturas al proceso electoral del 2024, as\u00ed lo se\u00f1al\u00f3 el dirigente estatal del partido Sergio Cadena Mart\u00ednez.<\/p>\n\n\n\n<p>Entrevistado en el Congreso del Estado, solicit\u00f3 que los institutos pol\u00edticos busquen la participaci\u00f3n de la sociedad y que la gente se haga sentir.<\/p>\n\n\n\n<p>Cuestionado respecto de la decisi\u00f3n de que el PAN encabece las candidaturas, expres\u00f3 que si ellos traen un buen candidato, que levante expectativas y que se consulte a los ciudadanos, pueden llegar a acuerdos, pero &#8220;no adelantar v\u00edsperas&#8221;.<\/p>\n\n\n\n<p>&#8220;Pues Julen, yo creo que no -se lleva bien con el l\u00edder del PAN en Veracruz, Federico Salom\u00f3n-&#8220;, extern\u00f3.<\/p>\n\n\n\n<p>Consider\u00f3 que las alianzas para el proceso electoral del 2024 saldr\u00e1n bien, sin embargo, no est\u00e1 de acuerdo en que el PAN haya acordado con el PRI respecto de la definici\u00f3n de algunas candidaturas a la gubernatura y haya hecho a un lado al Sol Azteca.<\/p>\n\n\n\n<p>Afirm\u00f3 que no han roto &#8220;lanzas&#8221; ni han sacado las espadas ni mucho menos, hay una buena relaci\u00f3n con los l\u00edderes de Veracruz, pero no le gust\u00f3 el <em>modelito<\/em> nacional.<\/p>\n\n\n\n<p>Dijo que tiene muy buena relaci\u00f3n con el l\u00edder del blanquiazul en Veracruz, Federico Salom\u00f3n y muy buena relaci\u00f3n con el dirigente del tricolor, Marlon Ram\u00edrez Mar\u00edn.<\/p>\n\n\n\n<p>&#8220;Ciertamente no llegamos a la etapa formal, son di\u00e1logos de amigos, de encuentros amables y vamos transitando bien. Yo \u00a0soy aliancista cien por ciento, pero necesitamos sentarnos&#8221;, se\u00f1al\u00f3.<\/p>\n\n\n\n<p>Finalmente se\u00f1al\u00f3 que &#8220;de acuerdo a lo que traemos cada quien en los municipios, en las regiones, se nos valore, pero que no vengan con un modelito que establecieron en M\u00e9xico y decir que ac\u00e1 tambi\u00e9n se va a aplicar. No&#8221;.<\/p>\n","protected":false},"excerpt":{"rendered":"<p>Dar\u00edo Pale Xalapa, Ver.- El Partido de la Revoluci\u00f3n Democr\u00e1tica (PRD) de Veracruz no quiere &#8220;modelito&#8221; de alianza con PRI y PAN que establecieron los l\u00edderes nacionales para las candidaturas al proceso electoral del 2024, as\u00ed lo se\u00f1al\u00f3 el dirigente estatal del partido Sergio Cadena Mart\u00ednez. Entrevistado en el Congreso del Estado, solicit\u00f3 que los [&hellip;]<\/p>\n","protected":false},"author":2476,"featured_media":35936,"comment_status":"open","ping_status":"open","sticky":false,"template":"","format":"standard","meta":{"_jetpack_memberships_contains_paid_content":false,"footnotes":""},"categories":[2],"tags":[],"class_list":["post-35935","post","type-post","status-publish","format-standard","has-post-thumbnail","hentry","category-estado"],"jetpack_featured_media_url":"https:\/\/encuentroinformativo.com.mx\/wp-content\/uploads\/2023\/01\/IMG-20230125-WA0043.jpg","jetpack_sharing_enabled":true,"jetpack_likes_enabled":true,"amp_enabled":true,"_links":{"self":[{"href":"https:\/\/encuentroinformativo.com.mx\/index.php?rest_route=\/wp\/v2\/posts\/35935","targetHints":{"allow":["GET"]}}],"collection":[{"href":"https:\/\/encuentroinformativo.com.mx\/index.php?rest_route=\/wp\/v2\/posts"}],"about":[{"href":"https:\/\/encuentroinformativo.com.mx\/index.php?rest_route=\/wp\/v2\/types\/post"}],"author":[{"embeddable":true,"href":"https:\/\/encuentroinformativo.com.mx\/index.php?rest_route=\/wp\/v2\/users\/2476"}],"replies":[{"embeddable":true,"href":"https:\/\/encuentroinformativo.com.mx\/index.php?rest_route=%2Fwp%2Fv2%2Fcomments&post=35935"}],"version-history":[{"count":1,"href":"https:\/\/encuentroinformativo.com.mx\/index.php?rest_route=\/wp\/v2\/posts\/35935\/revisions"}],"predecessor-version":[{"id":35937,"href":"https:\/\/encuentroinformativo.com.mx\/index.php?rest_route=\/wp\/v2\/posts\/35935\/revisions\/35937"}],"wp:featuredmedia":[{"embeddable":true,"href":"https:\/\/encuentroinformativo.com.mx\/index.php?rest_route=\/wp\/v2\/media\/35936"}],"wp:attachment":[{"href":"https:\/\/encuentroinformativo.com.mx\/index.php?rest_route=%2Fwp%2Fv2%2Fmedia&parent=35935"}],"wp:term":[{"taxonomy":"category","embeddable":true,"href":"https:\/\/encuentroinformativo.com.mx\/index.php?rest_route=%2Fwp%2Fv2%2Fcategories&post=35935"},{"taxonomy":"post_tag","embeddable":true,"href":"https:\/\/encuentroinformativo.com.mx\/index.php?rest_route=%2Fwp%2Fv2%2Ftags&post=35935"}],"curies":[{"name":"wp","href":"https:\/\/api.w.org\/{rel}","templated":true}]}}