{"id":35938,"date":"2023-01-25T13:57:50","date_gmt":"2023-01-25T19:57:50","guid":{"rendered":"https:\/\/encuentroinformativo.com.mx\/?p=35938"},"modified":"2023-01-25T13:57:54","modified_gmt":"2023-01-25T19:57:54","slug":"denuncian-ejidatarios-malos-tratos-y-deficiencias-en-delegacion-del-ran","status":"publish","type":"post","link":"https:\/\/encuentroinformativo.com.mx\/?p=35938","title":{"rendered":"Denuncian ejidatarios malos tratos y deficiencias en delegaci\u00f3n del RAN"},"content":{"rendered":"\n<p><strong>Juan Arcos <\/strong><\/p>\n\n\n\n<p>Xalapa, Ver.- Ejidatarios denunciaron deficiencias, malos tratos y que les han negado servicios desde hace siete a\u00f1os en las oficinas del Registro Agrario Nacional (RAN), en esta ciudad de Xalapa.<\/p>\n\n\n\n<p>Se trata de campesinos del ejido Napoala, ubicado en el municipio de Atzalan, en la regi\u00f3n capital del estado, quienes acusan que est\u00e1n siendo violentados sus derechos.<\/p>\n\n\n\n<p>La abogada agraria Mar\u00eda de Jes\u00fas Ju\u00e1rez Godoy indic\u00f3 que los afectados se vieron en la necesidad de demandar la atenci\u00f3n de esta dependencia federal a trav\u00e9s de un amparo.<\/p>\n\n\n\n<p>\u201cSolo as\u00ed el representante estatal Javier Sandoval asumi\u00f3 compromisos con nosotros; sin embargo, nuevamente ha acudido gente de nuestro ejido, neg\u00e1ndoles el servicio\u201d, expres\u00f3.<\/p>\n\n\n\n<p>La representa legal del ejido Napoala se\u00f1al\u00f3 la falta de sensibilidad por parte del personal del Registro Agrario Nacional.<\/p>\n\n\n\n<p>\u201cEs muy claro, son agraristas de gabinete y pareciera que el delegado tambi\u00e9n es agrarista de gabinete, porque deja muy claro que se debe a un sector de la poblaci\u00f3n vulnerable, estamos hablando de los ejidatarios y comuneros\u201d, a\u00f1adi\u00f3.<\/p>\n\n\n\n<p>Los comuneros viajan constantemente durante tres horas desde su pueblo hasta la capital veracruzana, gastando en transporte y alimentaci\u00f3n. En ocasiones, llegan una noche anterior para ser atendidos en el RAN, pero carecen de dinero para un lugar digno donde dormir.<\/p>\n\n\n\n<p>Sin embargo, el personal de la dependencia les niega la atenci\u00f3n correspondiente porque est\u00e1 rebasada por la amplia demanda de ejidatarios que buscan la regularizaci\u00f3n de sus tierras.<\/p>\n\n\n\n<p>Por lo anterior, exigieron la intervenci\u00f3n del director del Registro Agrario Nacional, Plutarco Garc\u00eda Jim\u00e9nez, para solucionar este problema lo antes posible.<\/p>\n\n\n\n<figure class=\"wp-block-image size-large\"><img loading=\"lazy\" decoding=\"async\" width=\"1024\" height=\"768\" src=\"https:\/\/encuentroinformativo.com.mx\/wp-content\/uploads\/2023\/01\/IMG_0419-1024x768.jpg\" alt=\"\" class=\"wp-image-35940\" srcset=\"https:\/\/encuentroinformativo.com.mx\/wp-content\/uploads\/2023\/01\/IMG_0419-1024x768.jpg 1024w, https:\/\/encuentroinformativo.com.mx\/wp-content\/uploads\/2023\/01\/IMG_0419-300x225.jpg 300w, https:\/\/encuentroinformativo.com.mx\/wp-content\/uploads\/2023\/01\/IMG_0419-768x576.jpg 768w, https:\/\/encuentroinformativo.com.mx\/wp-content\/uploads\/2023\/01\/IMG_0419-1536x1152.jpg 1536w, https:\/\/encuentroinformativo.com.mx\/wp-content\/uploads\/2023\/01\/IMG_0419.jpg 2016w\" sizes=\"auto, (max-width: 1024px) 100vw, 1024px\" \/><\/figure>\n","protected":false},"excerpt":{"rendered":"<p>Juan Arcos Xalapa, Ver.- Ejidatarios denunciaron deficiencias, malos tratos y que les han negado servicios desde hace siete a\u00f1os en las oficinas del Registro Agrario Nacional (RAN), en esta ciudad de Xalapa. Se trata de campesinos del ejido Napoala, ubicado en el municipio de Atzalan, en la regi\u00f3n capital del estado, quienes acusan que est\u00e1n [&hellip;]<\/p>\n","protected":false},"author":2476,"featured_media":35939,"comment_status":"open","ping_status":"open","sticky":false,"template":"","format":"standard","meta":{"_jetpack_memberships_contains_paid_content":false,"footnotes":""},"categories":[2],"tags":[],"class_list":["post-35938","post","type-post","status-publish","format-standard","has-post-thumbnail","hentry","category-estado"],"jetpack_featured_media_url":"https:\/\/encuentroinformativo.com.mx\/wp-content\/uploads\/2023\/01\/IMG_0429.jpg","jetpack_sharing_enabled":true,"jetpack_likes_enabled":true,"amp_enabled":true,"_links":{"self":[{"href":"https:\/\/encuentroinformativo.com.mx\/index.php?rest_route=\/wp\/v2\/posts\/35938","targetHints":{"allow":["GET"]}}],"collection":[{"href":"https:\/\/encuentroinformativo.com.mx\/index.php?rest_route=\/wp\/v2\/posts"}],"about":[{"href":"https:\/\/encuentroinformativo.com.mx\/index.php?rest_route=\/wp\/v2\/types\/post"}],"author":[{"embeddable":true,"href":"https:\/\/encuentroinformativo.com.mx\/index.php?rest_route=\/wp\/v2\/users\/2476"}],"replies":[{"embeddable":true,"href":"https:\/\/encuentroinformativo.com.mx\/index.php?rest_route=%2Fwp%2Fv2%2Fcomments&post=35938"}],"version-history":[{"count":1,"href":"https:\/\/encuentroinformativo.com.mx\/index.php?rest_route=\/wp\/v2\/posts\/35938\/revisions"}],"predecessor-version":[{"id":35941,"href":"https:\/\/encuentroinformativo.com.mx\/index.php?rest_route=\/wp\/v2\/posts\/35938\/revisions\/35941"}],"wp:featuredmedia":[{"embeddable":true,"href":"https:\/\/encuentroinformativo.com.mx\/index.php?rest_route=\/wp\/v2\/media\/35939"}],"wp:attachment":[{"href":"https:\/\/encuentroinformativo.com.mx\/index.php?rest_route=%2Fwp%2Fv2%2Fmedia&parent=35938"}],"wp:term":[{"taxonomy":"category","embeddable":true,"href":"https:\/\/encuentroinformativo.com.mx\/index.php?rest_route=%2Fwp%2Fv2%2Fcategories&post=35938"},{"taxonomy":"post_tag","embeddable":true,"href":"https:\/\/encuentroinformativo.com.mx\/index.php?rest_route=%2Fwp%2Fv2%2Ftags&post=35938"}],"curies":[{"name":"wp","href":"https:\/\/api.w.org\/{rel}","templated":true}]}}