{"id":3594,"date":"2020-06-24T15:15:48","date_gmt":"2020-06-24T20:15:48","guid":{"rendered":"https:\/\/encuentroinformativo.com\/?p=3594"},"modified":"2020-06-24T15:15:50","modified_gmt":"2020-06-24T20:15:50","slug":"protestan-comerciantes-piden-no-cerrar-sus-negocios","status":"publish","type":"post","link":"https:\/\/encuentroinformativo.com.mx\/?p=3594","title":{"rendered":"Protestan comerciantes, piden no cerrar sus negocios"},"content":{"rendered":"\n<p><strong>Dar\u00edo Pale<\/strong><\/p>\n\n\n\n<p>Xalapa, Ver.- Debido a que personal de la Secretar\u00eda de Salud, de la Secretar\u00eda del Trabajo y de Protecci\u00f3n Civil les exige que cierren sus comercios por considerarlos como no esenciales, los comerciantes de la calle Constituci\u00f3n en esta ciudad protestaron ya que llegaron de una forma prepotente.<\/p>\n\n\n\n<p>Entrevistados durante la protesta dieron a conocer que cuatro personas de las instituciones mencionadas llegaron y sin m\u00e1s les exigieron cerrar sus negocios y que los acusaron de propagar el Covid-19 por mantener sus comercios abiertos.<\/p>\n\n\n\n<p>Indicaron que ante la actitud y prepotencia del personal mencionado les comentaron que ellos est\u00e1n dispuestos a cerrar sus locales pero que ellos al mismo tiempo dejen de cobrar sus salarios para que la situaci\u00f3n sea justa para todos.<\/p>\n\n\n\n<p>\u201cPorque no podemos nosotros tener p\u00e9rdidas por no genera ingresos mientras ellos tranquilamente siguen cobrando sus quincenas oblig\u00e1ndonos a todos a cerrar\u201d, se\u00f1alaron.<\/p>\n\n\n\n<p>Refirieron que en sus comercios se han establecido las medidas de sanidad recomendadas por las autoridades y que aun as\u00ed no los dejan trabajar en tanto que a los comerciantes informales, sin conservar las medidas adecuadas de sana distancia ni los molestan.<\/p>\n\n\n\n<p>Los comerciantes denunciaron que el personal de Salud los amenaz\u00f3 de clausurar sus negocios si no lo hacen ellos en 24 horas.<\/p>\n\n\n\n<p>\u201cSi nos llegan a hacer eso entonces tomaremos acciones para hacer entender al gobernador y al presidente municipal que tenemos deudas, que debemos generar ingresos para pagar agua, energ\u00eda el\u00e9ctrica, salarios y llevar recursos para nuestras familias. Si nos obligan a cerrar exigiremos que todos los funcionarios tambi\u00e9n dejen de cobrar sus salarios para que esto sea justo para todos\u201d, aseveraron.<\/p>\n\n\n\n<p>Finalmente se\u00f1alaron que todos son comerciantes establecidos de muchos a\u00f1os, que generan salarios y pagan sus impuestos por lo que no es justo que no los dejen trabajar despu\u00e9s de dos meses de no hacerlo.<\/p>\n\n\n\n<p><\/p>\n","protected":false},"excerpt":{"rendered":"<p>Dar\u00edo Pale Xalapa, Ver.- Debido a que personal de la Secretar\u00eda de Salud, de la Secretar\u00eda del Trabajo y de Protecci\u00f3n Civil les exige que cierren sus comercios por considerarlos como no esenciales, los comerciantes de la calle Constituci\u00f3n en esta ciudad protestaron ya que llegaron de una forma prepotente. Entrevistados durante la protesta dieron [&hellip;]<\/p>\n","protected":false},"author":1,"featured_media":3595,"comment_status":"open","ping_status":"open","sticky":false,"template":"","format":"standard","meta":{"_jetpack_memberships_contains_paid_content":false,"footnotes":""},"categories":[3],"tags":[],"class_list":["post-3594","post","type-post","status-publish","format-standard","has-post-thumbnail","hentry","category-xalapa"],"jetpack_featured_media_url":"https:\/\/encuentroinformativo.com.mx\/wp-content\/uploads\/2020\/06\/DB7A2032-C333-4AD2-9D48-E963CE0240A2.jpeg","jetpack_sharing_enabled":true,"jetpack_likes_enabled":true,"amp_enabled":true,"_links":{"self":[{"href":"https:\/\/encuentroinformativo.com.mx\/index.php?rest_route=\/wp\/v2\/posts\/3594","targetHints":{"allow":["GET"]}}],"collection":[{"href":"https:\/\/encuentroinformativo.com.mx\/index.php?rest_route=\/wp\/v2\/posts"}],"about":[{"href":"https:\/\/encuentroinformativo.com.mx\/index.php?rest_route=\/wp\/v2\/types\/post"}],"author":[{"embeddable":true,"href":"https:\/\/encuentroinformativo.com.mx\/index.php?rest_route=\/wp\/v2\/users\/1"}],"replies":[{"embeddable":true,"href":"https:\/\/encuentroinformativo.com.mx\/index.php?rest_route=%2Fwp%2Fv2%2Fcomments&post=3594"}],"version-history":[{"count":1,"href":"https:\/\/encuentroinformativo.com.mx\/index.php?rest_route=\/wp\/v2\/posts\/3594\/revisions"}],"predecessor-version":[{"id":3596,"href":"https:\/\/encuentroinformativo.com.mx\/index.php?rest_route=\/wp\/v2\/posts\/3594\/revisions\/3596"}],"wp:featuredmedia":[{"embeddable":true,"href":"https:\/\/encuentroinformativo.com.mx\/index.php?rest_route=\/wp\/v2\/media\/3595"}],"wp:attachment":[{"href":"https:\/\/encuentroinformativo.com.mx\/index.php?rest_route=%2Fwp%2Fv2%2Fmedia&parent=3594"}],"wp:term":[{"taxonomy":"category","embeddable":true,"href":"https:\/\/encuentroinformativo.com.mx\/index.php?rest_route=%2Fwp%2Fv2%2Fcategories&post=3594"},{"taxonomy":"post_tag","embeddable":true,"href":"https:\/\/encuentroinformativo.com.mx\/index.php?rest_route=%2Fwp%2Fv2%2Ftags&post=3594"}],"curies":[{"name":"wp","href":"https:\/\/api.w.org\/{rel}","templated":true}]}}