{"id":35942,"date":"2023-01-25T14:03:31","date_gmt":"2023-01-25T20:03:31","guid":{"rendered":"https:\/\/encuentroinformativo.com.mx\/?p=35942"},"modified":"2023-01-25T14:03:33","modified_gmt":"2023-01-25T20:03:33","slug":"tras-hechos-violentos-blindan-zona-conurbada-veracruz-boca-del-rio","status":"publish","type":"post","link":"https:\/\/encuentroinformativo.com.mx\/?p=35942","title":{"rendered":"Tras hechos violentos, blindan zona conurbada Veracruz &#8211; Boca del R\u00edo"},"content":{"rendered":"\n<p><strong>Alejandro \u00c1vila<\/strong><\/p>\n\n\n\n<p>Boca del R\u00edo, Ver.- Este mi\u00e9rcoles por la ma\u00f1ana fueron presentados en el Batall\u00f3n de &#8220;La Boticaria&#8221; ubicado del municipio de Boca del R\u00edo, los elementos que reforzar\u00e1n la seguridad en la zona conurbada.<\/p>\n\n\n\n<p>Tras los recientes hechos violentos en los municipios de Veracruz y Boca del R\u00edo se dispuso reforzar la zona con, dos jefes, siete oficiales, 167 elementos de tropa entre Ej\u00e9rcito y Guardia Nacional; as\u00ed como 19 veh\u00edculos con armamento org\u00e1nico.<\/p>\n\n\n\n<p>&#8220;Vamos a estar trabajando en los municipios de Veracruz y Boca del R\u00edo y en la zona conurbada. Esto motivado por los \u00faltimos \u00edndices de violencia registrados en estos municipios, y el fin \u00faltimo que persigue es reducir el \u00edndice de homicidios vinculados a la delincuencia organizada&#8221;, mencion\u00f3 Pedro Hern\u00e1ndez Bernal, comandante del 83 Batall\u00f3n de Infanter\u00eda, destacamentado en Boca del R\u00edo.<\/p>\n\n\n\n<p>El militar destac\u00f3 qu\u00e9 es una fuerza de tareas que llega extra a reforzar los trabajos de seguridad qu\u00e9 se realizan en esta zona; de la misma manera dijo que este patrullaje ser\u00e1 itinerante, y bien se podr\u00eda extender a otros municipios.<\/p>\n\n\n\n<p>&#8220;Este operativo inici\u00f3 el pasado 23 (de enero) y va a estar permanente hasta que las situaciones de seguridad as\u00ed lo permitan, y c\u00f3mo lo repito es itinerante puede estar en otra parte del Estado de Veracruz, de Puebla o de Tlaxcala&#8221;, culmin\u00f3.<\/p>\n\n\n\n<figure class=\"wp-block-image size-large\"><img loading=\"lazy\" decoding=\"async\" width=\"1024\" height=\"461\" src=\"https:\/\/encuentroinformativo.com.mx\/wp-content\/uploads\/2023\/01\/IMG-20230125-WA0038-1024x461.jpg\" alt=\"\" class=\"wp-image-35944\" srcset=\"https:\/\/encuentroinformativo.com.mx\/wp-content\/uploads\/2023\/01\/IMG-20230125-WA0038-1024x461.jpg 1024w, https:\/\/encuentroinformativo.com.mx\/wp-content\/uploads\/2023\/01\/IMG-20230125-WA0038-300x135.jpg 300w, https:\/\/encuentroinformativo.com.mx\/wp-content\/uploads\/2023\/01\/IMG-20230125-WA0038-768x346.jpg 768w, https:\/\/encuentroinformativo.com.mx\/wp-content\/uploads\/2023\/01\/IMG-20230125-WA0038-1536x692.jpg 1536w, https:\/\/encuentroinformativo.com.mx\/wp-content\/uploads\/2023\/01\/IMG-20230125-WA0038.jpg 1600w\" sizes=\"auto, (max-width: 1024px) 100vw, 1024px\" \/><\/figure>\n","protected":false},"excerpt":{"rendered":"<p>Alejandro \u00c1vila Boca del R\u00edo, Ver.- Este mi\u00e9rcoles por la ma\u00f1ana fueron presentados en el Batall\u00f3n de &#8220;La Boticaria&#8221; ubicado del municipio de Boca del R\u00edo, los elementos que reforzar\u00e1n la seguridad en la zona conurbada. Tras los recientes hechos violentos en los municipios de Veracruz y Boca del R\u00edo se dispuso reforzar la zona [&hellip;]<\/p>\n","protected":false},"author":2476,"featured_media":35943,"comment_status":"open","ping_status":"open","sticky":false,"template":"","format":"standard","meta":{"_jetpack_memberships_contains_paid_content":false,"footnotes":""},"categories":[2],"tags":[],"class_list":["post-35942","post","type-post","status-publish","format-standard","has-post-thumbnail","hentry","category-estado"],"jetpack_featured_media_url":"https:\/\/encuentroinformativo.com.mx\/wp-content\/uploads\/2023\/01\/IMG-20230125-WA0039.jpg","jetpack_sharing_enabled":true,"jetpack_likes_enabled":true,"amp_enabled":true,"_links":{"self":[{"href":"https:\/\/encuentroinformativo.com.mx\/index.php?rest_route=\/wp\/v2\/posts\/35942","targetHints":{"allow":["GET"]}}],"collection":[{"href":"https:\/\/encuentroinformativo.com.mx\/index.php?rest_route=\/wp\/v2\/posts"}],"about":[{"href":"https:\/\/encuentroinformativo.com.mx\/index.php?rest_route=\/wp\/v2\/types\/post"}],"author":[{"embeddable":true,"href":"https:\/\/encuentroinformativo.com.mx\/index.php?rest_route=\/wp\/v2\/users\/2476"}],"replies":[{"embeddable":true,"href":"https:\/\/encuentroinformativo.com.mx\/index.php?rest_route=%2Fwp%2Fv2%2Fcomments&post=35942"}],"version-history":[{"count":1,"href":"https:\/\/encuentroinformativo.com.mx\/index.php?rest_route=\/wp\/v2\/posts\/35942\/revisions"}],"predecessor-version":[{"id":35945,"href":"https:\/\/encuentroinformativo.com.mx\/index.php?rest_route=\/wp\/v2\/posts\/35942\/revisions\/35945"}],"wp:featuredmedia":[{"embeddable":true,"href":"https:\/\/encuentroinformativo.com.mx\/index.php?rest_route=\/wp\/v2\/media\/35943"}],"wp:attachment":[{"href":"https:\/\/encuentroinformativo.com.mx\/index.php?rest_route=%2Fwp%2Fv2%2Fmedia&parent=35942"}],"wp:term":[{"taxonomy":"category","embeddable":true,"href":"https:\/\/encuentroinformativo.com.mx\/index.php?rest_route=%2Fwp%2Fv2%2Fcategories&post=35942"},{"taxonomy":"post_tag","embeddable":true,"href":"https:\/\/encuentroinformativo.com.mx\/index.php?rest_route=%2Fwp%2Fv2%2Ftags&post=35942"}],"curies":[{"name":"wp","href":"https:\/\/api.w.org\/{rel}","templated":true}]}}