{"id":35946,"date":"2023-01-25T17:41:23","date_gmt":"2023-01-25T23:41:23","guid":{"rendered":"https:\/\/encuentroinformativo.com.mx\/?p=35946"},"modified":"2023-01-25T17:41:27","modified_gmt":"2023-01-25T23:41:27","slug":"invitan-a-feria-del-tamal-en-perote","status":"publish","type":"post","link":"https:\/\/encuentroinformativo.com.mx\/?p=35946","title":{"rendered":"Invitan a Feria del Tamal en Perote"},"content":{"rendered":"\n<p><strong>Dar\u00edo Pale <\/strong><\/p>\n\n\n\n<p>Xalapa, Ver.- Yesenia Mata Rodr\u00edguez qui\u00e9n es parte del comit\u00e9 organizador de la &#8220;Tercera Feria del Tamal de Perote 2023&#8221; invit\u00f3 a la ciudadan\u00eda en general para que asistan a este evento donde participar\u00e1n m\u00e1s de 35 expositores y se llevar\u00e1 a cabo los d\u00edas 28 y 29 de enero.<\/p>\n\n\n\n<p>En conferencia de prensa se\u00f1al\u00f3 que en el evento se ofrecer\u00e1n toda clase de tamales y bebidas tipicas de la regi\u00f3n, as\u00ed como actividades art\u00edsticas y culturales en las cuales se espera la asistencia de m\u00e1s de 6 mil personas.\u00a0<\/p>\n\n\n\n<p>Dio a conocer que &#8220;la venta ser\u00e1 a partir de las 08:00 de la ma\u00f1ana y hasta las 10:00 de la noche&#8221;, en la feria tambi\u00e9n se premiar\u00e1 al &#8220;mejor tamal de la regi\u00f3n&#8221;, concurso que se creo como un incentivo al trabajo de los cocineros.<\/p>\n\n\n\n<p>&#8220;Vamos a tener jueces calificadores, se califica lo que es la textura, el sabor, el ingrediente que lleva porque algunos tienen su ingrediente secreto y la decoraci\u00f3n del tamal&#8221;, se\u00f1al\u00f3.<\/p>\n\n\n\n<p>Los organizadores de la &#8220;Feria del Tamal&#8221; de Perote afirmaron que adem\u00e1s de resaltar la gastronom\u00eda, su intenci\u00f3n es atraer al turismo a la regi\u00f3n.<\/p>\n\n\n\n<p>Finalmente se\u00f1al\u00f3, &#8220;vamos a tener tambi\u00e9n el \u00e1rea de artesanos d\u00f3nde vamos a tener toritos, ropa artesanal, malangas, tejidos y un sin fin de productos&#8221;.<\/p>\n\n\n\n<figure class=\"wp-block-image size-large\"><img loading=\"lazy\" decoding=\"async\" width=\"1024\" height=\"683\" src=\"https:\/\/encuentroinformativo.com.mx\/wp-content\/uploads\/2023\/01\/Photo_1674689670911-1024x683.jpg\" alt=\"\" class=\"wp-image-35948\" srcset=\"https:\/\/encuentroinformativo.com.mx\/wp-content\/uploads\/2023\/01\/Photo_1674689670911-1024x683.jpg 1024w, https:\/\/encuentroinformativo.com.mx\/wp-content\/uploads\/2023\/01\/Photo_1674689670911-300x200.jpg 300w, https:\/\/encuentroinformativo.com.mx\/wp-content\/uploads\/2023\/01\/Photo_1674689670911-768x512.jpg 768w, https:\/\/encuentroinformativo.com.mx\/wp-content\/uploads\/2023\/01\/Photo_1674689670911.jpg 1280w\" sizes=\"auto, (max-width: 1024px) 100vw, 1024px\" \/><\/figure>\n","protected":false},"excerpt":{"rendered":"<p>Dar\u00edo Pale Xalapa, Ver.- Yesenia Mata Rodr\u00edguez qui\u00e9n es parte del comit\u00e9 organizador de la &#8220;Tercera Feria del Tamal de Perote 2023&#8221; invit\u00f3 a la ciudadan\u00eda en general para que asistan a este evento donde participar\u00e1n m\u00e1s de 35 expositores y se llevar\u00e1 a cabo los d\u00edas 28 y 29 de enero. En conferencia de [&hellip;]<\/p>\n","protected":false},"author":2476,"featured_media":35947,"comment_status":"open","ping_status":"open","sticky":false,"template":"","format":"standard","meta":{"_jetpack_memberships_contains_paid_content":false,"footnotes":""},"categories":[8],"tags":[],"class_list":["post-35946","post","type-post","status-publish","format-standard","has-post-thumbnail","hentry","category-region"],"jetpack_featured_media_url":"https:\/\/encuentroinformativo.com.mx\/wp-content\/uploads\/2023\/01\/Photo_1674689703854.jpg","jetpack_sharing_enabled":true,"jetpack_likes_enabled":true,"amp_enabled":true,"_links":{"self":[{"href":"https:\/\/encuentroinformativo.com.mx\/index.php?rest_route=\/wp\/v2\/posts\/35946","targetHints":{"allow":["GET"]}}],"collection":[{"href":"https:\/\/encuentroinformativo.com.mx\/index.php?rest_route=\/wp\/v2\/posts"}],"about":[{"href":"https:\/\/encuentroinformativo.com.mx\/index.php?rest_route=\/wp\/v2\/types\/post"}],"author":[{"embeddable":true,"href":"https:\/\/encuentroinformativo.com.mx\/index.php?rest_route=\/wp\/v2\/users\/2476"}],"replies":[{"embeddable":true,"href":"https:\/\/encuentroinformativo.com.mx\/index.php?rest_route=%2Fwp%2Fv2%2Fcomments&post=35946"}],"version-history":[{"count":1,"href":"https:\/\/encuentroinformativo.com.mx\/index.php?rest_route=\/wp\/v2\/posts\/35946\/revisions"}],"predecessor-version":[{"id":35949,"href":"https:\/\/encuentroinformativo.com.mx\/index.php?rest_route=\/wp\/v2\/posts\/35946\/revisions\/35949"}],"wp:featuredmedia":[{"embeddable":true,"href":"https:\/\/encuentroinformativo.com.mx\/index.php?rest_route=\/wp\/v2\/media\/35947"}],"wp:attachment":[{"href":"https:\/\/encuentroinformativo.com.mx\/index.php?rest_route=%2Fwp%2Fv2%2Fmedia&parent=35946"}],"wp:term":[{"taxonomy":"category","embeddable":true,"href":"https:\/\/encuentroinformativo.com.mx\/index.php?rest_route=%2Fwp%2Fv2%2Fcategories&post=35946"},{"taxonomy":"post_tag","embeddable":true,"href":"https:\/\/encuentroinformativo.com.mx\/index.php?rest_route=%2Fwp%2Fv2%2Ftags&post=35946"}],"curies":[{"name":"wp","href":"https:\/\/api.w.org\/{rel}","templated":true}]}}