{"id":35964,"date":"2023-01-26T10:04:04","date_gmt":"2023-01-26T16:04:04","guid":{"rendered":"https:\/\/encuentroinformativo.com.mx\/?p=35964"},"modified":"2023-01-26T10:04:07","modified_gmt":"2023-01-26T16:04:07","slug":"el-bebeto-y-niurka-en-carnaval-de-la-mixtequilla-2023","status":"publish","type":"post","link":"https:\/\/encuentroinformativo.com.mx\/?p=35964","title":{"rendered":"El Bebeto y Niurka en Carnaval de La Mixtequilla 2023"},"content":{"rendered":"\n<p><strong>Alejandro \u00c1vila<\/strong><\/p>\n\n\n\n<p>Veracruz, Ver.- Tras la ausencia por la pandemia, fue anunciado que en este 2023 vuelve el Carnaval de Ignacio de la Llave &#8220;La Mixtequilla&#8221;; las autoridades municipales informaron que esta edici\u00f3n se realizar\u00e1 del 16 al 22 de marzo.<\/p>\n\n\n\n<p>Cabe destacar qu\u00e9 la \u00faltima edici\u00f3n del Carnaval de &#8220;La Mixtequilla&#8221;, en 2019, fue suspendida a mitad de los festejos, pues el Gobierno Federal anunci\u00f3 las restricciones sanitarias para toda la Rep\u00fablica Mexicana en eventos p\u00fablicos.<\/p>\n\n\n\n<p>El alcalde, Andr\u00e9s Chac\u00f3n Hern\u00e1ndez, en compa\u00f1\u00eda de los ediles del Ayuntamiento, realizaron la tarde de este mi\u00e9rcoles el corte de list\u00f3n de las oficinas del Comit\u00e9 de Carnaval, donde se dieron a conocer a los encargados de la organizaci\u00f3n el evento.<\/p>\n\n\n\n<p>&#8220;Programar un carnaval no es sencillo, es una tarea bastante compleja, es una tarea que exige tiempo, dedicaci\u00f3n, mucho esfuerzo y sobre todo lo m\u00e1s importante, estar completamente organizados, y queremos hacer algo que trascienda, algo que marque la diferencia de un proyecto de trabajo, y sobre todo el llevar lo que tanto espera Ignacio de la Llave, la alegr\u00eda y darle ese saz\u00f3n que caracterizan a nuestra orgullosa Mixtequilla en toda la regi\u00f3n&#8221;, puntualiz\u00f3 el alcalde Andr\u00e9s Chac\u00f3n.<\/p>\n\n\n\n<p>La presidenta del Comit\u00e9 de Carnaval Mixtequilla 2023 ser\u00e1 Liliana Ar\u00e1mbula Chac\u00f3n; c\u00f3mo secretario, se nombr\u00f3 a Arbin Moreno Hern\u00e1ndez; y c\u00f3mo tesorero, Carlos Jacobo Garc\u00eda Alvarado.<\/p>\n\n\n\n<p>Durante la presentaci\u00f3n se pudo conocer que el s\u00e1bado 18 de marzo se presentar\u00e1 en evento masivo, el cantante de m\u00fasica regional &#8220;El Bebeto&#8221;; mientras que el domingo 19 de marzo, la vedette cubana Niurka Marcos participar\u00e1 en uno de los carros aleg\u00f3ricos; el resto de artistas invitados se dar\u00e1 a conocer en pr\u00f3ximas fechas.<\/p>\n","protected":false},"excerpt":{"rendered":"<p>Alejandro \u00c1vila Veracruz, Ver.- Tras la ausencia por la pandemia, fue anunciado que en este 2023 vuelve el Carnaval de Ignacio de la Llave &#8220;La Mixtequilla&#8221;; las autoridades municipales informaron que esta edici\u00f3n se realizar\u00e1 del 16 al 22 de marzo. Cabe destacar qu\u00e9 la \u00faltima edici\u00f3n del Carnaval de &#8220;La Mixtequilla&#8221;, en 2019, fue [&hellip;]<\/p>\n","protected":false},"author":2476,"featured_media":35965,"comment_status":"open","ping_status":"open","sticky":false,"template":"","format":"standard","meta":{"_jetpack_memberships_contains_paid_content":false,"footnotes":""},"categories":[2],"tags":[],"class_list":["post-35964","post","type-post","status-publish","format-standard","has-post-thumbnail","hentry","category-estado"],"jetpack_featured_media_url":"https:\/\/encuentroinformativo.com.mx\/wp-content\/uploads\/2023\/01\/IMG-20230126-WA0017.jpg","jetpack_sharing_enabled":true,"jetpack_likes_enabled":true,"amp_enabled":true,"_links":{"self":[{"href":"https:\/\/encuentroinformativo.com.mx\/index.php?rest_route=\/wp\/v2\/posts\/35964","targetHints":{"allow":["GET"]}}],"collection":[{"href":"https:\/\/encuentroinformativo.com.mx\/index.php?rest_route=\/wp\/v2\/posts"}],"about":[{"href":"https:\/\/encuentroinformativo.com.mx\/index.php?rest_route=\/wp\/v2\/types\/post"}],"author":[{"embeddable":true,"href":"https:\/\/encuentroinformativo.com.mx\/index.php?rest_route=\/wp\/v2\/users\/2476"}],"replies":[{"embeddable":true,"href":"https:\/\/encuentroinformativo.com.mx\/index.php?rest_route=%2Fwp%2Fv2%2Fcomments&post=35964"}],"version-history":[{"count":1,"href":"https:\/\/encuentroinformativo.com.mx\/index.php?rest_route=\/wp\/v2\/posts\/35964\/revisions"}],"predecessor-version":[{"id":35966,"href":"https:\/\/encuentroinformativo.com.mx\/index.php?rest_route=\/wp\/v2\/posts\/35964\/revisions\/35966"}],"wp:featuredmedia":[{"embeddable":true,"href":"https:\/\/encuentroinformativo.com.mx\/index.php?rest_route=\/wp\/v2\/media\/35965"}],"wp:attachment":[{"href":"https:\/\/encuentroinformativo.com.mx\/index.php?rest_route=%2Fwp%2Fv2%2Fmedia&parent=35964"}],"wp:term":[{"taxonomy":"category","embeddable":true,"href":"https:\/\/encuentroinformativo.com.mx\/index.php?rest_route=%2Fwp%2Fv2%2Fcategories&post=35964"},{"taxonomy":"post_tag","embeddable":true,"href":"https:\/\/encuentroinformativo.com.mx\/index.php?rest_route=%2Fwp%2Fv2%2Ftags&post=35964"}],"curies":[{"name":"wp","href":"https:\/\/api.w.org\/{rel}","templated":true}]}}