{"id":35994,"date":"2023-01-26T15:10:38","date_gmt":"2023-01-26T21:10:38","guid":{"rendered":"https:\/\/encuentroinformativo.com.mx\/?p=35994"},"modified":"2023-01-26T15:10:42","modified_gmt":"2023-01-26T21:10:42","slug":"inauguran-parque-tematico-para-rescatar-cerro-de-las-culebras","status":"publish","type":"post","link":"https:\/\/encuentroinformativo.com.mx\/?p=35994","title":{"rendered":"Inauguran parque tem\u00e1tico para rescatar Cerro de las Culebras"},"content":{"rendered":"\n<p><strong>Juan Arcos <\/strong><\/p>\n\n\n\n<p>Coatepec, Ver.- Asociaciones civiles y autoridades ambientales llevan a cabo acciones para el rescate del Cerro de las Culebras como sitio tur\u00edstico para el fomento de la educaci\u00f3n ambiental en el municipio de Coatepec.<\/p>\n\n\n\n<p>Este jueves 26 de enero fue inaugurado el parque tem\u00e1tico \u201c<strong>Senderito del Bosque de Niebla<\/strong>\u201d, en dicha \u00e1rea natural protegida del Pueblo M\u00e1gico, en conmemoraci\u00f3n del D\u00eda Mundial de la Educaci\u00f3n Ambiental.<\/p>\n\n\n\n<p>La directora de la asociaci\u00f3n civil Ruta de Niebla, Leticia Mar\u00eda Arriaga Stransky, estuvo acompa\u00f1ada del secretario de Medio Ambiente, Juan Carlos Contreras Bautista, donde destac\u00f3 que el sitio ha sido invadido y que la gente contin\u00faa arrojando basura.<\/p>\n\n\n\n<p>Tambi\u00e9n mencion\u00f3 que lo m\u00e1s importante es la restauraci\u00f3n del bosque y por ello se llevan a cabo acciones de reforestaci\u00f3n.<\/p>\n\n\n\n<p>\u201cEl bosque que ten\u00eda este lugar lo estamos restaurando, estamos sembrando, estamos invitando a los ni\u00f1os y a las escuelas a que hagan su labor, adoptando un arbolito y de esta manera se apropien del lugar\u201d, a\u00f1adi\u00f3.<\/p>\n\n\n\n<p>Detall\u00f3 que el parque tem\u00e1tico se especializar\u00e1 en el fomento de la educaci\u00f3n ambiental a trav\u00e9s de diversas actividades, como campa\u00f1as de reforestaci\u00f3n en colaboraci\u00f3n con ciudadanos, la instalaci\u00f3n y mejoramiento de infraestructura, y la creaci\u00f3n de torre para la observaci\u00f3n de aves.<\/p>\n\n\n\n<p>Adem\u00e1s, se prev\u00e9 la instalaci\u00f3n de ba\u00f1os secos y la creaci\u00f3n de un aula para actividades de concientizaci\u00f3n sobre la conservaci\u00f3n del bosque de niebla.<\/p>\n\n\n\n<p>Este proyecto fue financiado a trav\u00e9s de la convocatoria denominada \u201cProyectos para el fomento ambiental 2022\u201d, que impuls\u00f3 la Secretar\u00eda de Medio Ambiente.<\/p>\n\n\n\n<p>Se destinaron m\u00e1s de 461 mil pesos para dicho proyecto que est\u00e1 a cargo de Laura Arriaga, para el fortalecimiento de la conservaci\u00f3n y manejo del \u00e1rea natural protegida.<\/p>\n\n\n\n<p>&#8220;Estamos haci\u00e9ndole caso a los asesores, es un espacio abierto al p\u00fablico, es un proyecto comunitario, la idea es que la gente aprenda de este sitio y que adem\u00e1s el Cerro de las Culebras se dignifique porque durante muchos a\u00f1os ha permanecido en el olvido\u201d, remat\u00f3.<\/p>\n","protected":false},"excerpt":{"rendered":"<p>Juan Arcos Coatepec, Ver.- Asociaciones civiles y autoridades ambientales llevan a cabo acciones para el rescate del Cerro de las Culebras como sitio tur\u00edstico para el fomento de la educaci\u00f3n ambiental en el municipio de Coatepec. Este jueves 26 de enero fue inaugurado el parque tem\u00e1tico \u201cSenderito del Bosque de Niebla\u201d, en dicha \u00e1rea natural [&hellip;]<\/p>\n","protected":false},"author":2476,"featured_media":35995,"comment_status":"open","ping_status":"open","sticky":false,"template":"","format":"standard","meta":{"_jetpack_memberships_contains_paid_content":false,"footnotes":""},"categories":[8],"tags":[],"class_list":["post-35994","post","type-post","status-publish","format-standard","has-post-thumbnail","hentry","category-region"],"jetpack_featured_media_url":"https:\/\/encuentroinformativo.com.mx\/wp-content\/uploads\/2023\/01\/IMG_20230126_150741_1080_x_1080_pixel.jpg","jetpack_sharing_enabled":true,"jetpack_likes_enabled":true,"amp_enabled":true,"_links":{"self":[{"href":"https:\/\/encuentroinformativo.com.mx\/index.php?rest_route=\/wp\/v2\/posts\/35994","targetHints":{"allow":["GET"]}}],"collection":[{"href":"https:\/\/encuentroinformativo.com.mx\/index.php?rest_route=\/wp\/v2\/posts"}],"about":[{"href":"https:\/\/encuentroinformativo.com.mx\/index.php?rest_route=\/wp\/v2\/types\/post"}],"author":[{"embeddable":true,"href":"https:\/\/encuentroinformativo.com.mx\/index.php?rest_route=\/wp\/v2\/users\/2476"}],"replies":[{"embeddable":true,"href":"https:\/\/encuentroinformativo.com.mx\/index.php?rest_route=%2Fwp%2Fv2%2Fcomments&post=35994"}],"version-history":[{"count":1,"href":"https:\/\/encuentroinformativo.com.mx\/index.php?rest_route=\/wp\/v2\/posts\/35994\/revisions"}],"predecessor-version":[{"id":35996,"href":"https:\/\/encuentroinformativo.com.mx\/index.php?rest_route=\/wp\/v2\/posts\/35994\/revisions\/35996"}],"wp:featuredmedia":[{"embeddable":true,"href":"https:\/\/encuentroinformativo.com.mx\/index.php?rest_route=\/wp\/v2\/media\/35995"}],"wp:attachment":[{"href":"https:\/\/encuentroinformativo.com.mx\/index.php?rest_route=%2Fwp%2Fv2%2Fmedia&parent=35994"}],"wp:term":[{"taxonomy":"category","embeddable":true,"href":"https:\/\/encuentroinformativo.com.mx\/index.php?rest_route=%2Fwp%2Fv2%2Fcategories&post=35994"},{"taxonomy":"post_tag","embeddable":true,"href":"https:\/\/encuentroinformativo.com.mx\/index.php?rest_route=%2Fwp%2Fv2%2Ftags&post=35994"}],"curies":[{"name":"wp","href":"https:\/\/api.w.org\/{rel}","templated":true}]}}