{"id":36000,"date":"2023-01-26T16:42:51","date_gmt":"2023-01-26T22:42:51","guid":{"rendered":"https:\/\/encuentroinformativo.com.mx\/?p=36000"},"modified":"2023-01-26T16:42:54","modified_gmt":"2023-01-26T22:42:54","slug":"taxista-fue-ejecutado-en-cordoba","status":"publish","type":"post","link":"https:\/\/encuentroinformativo.com.mx\/?p=36000","title":{"rendered":"Taxista fue ejecutado en C\u00f3rdoba"},"content":{"rendered":"\n<p><strong>Alejandro \u00c1vila<\/strong><\/p>\n\n\n\n<p>C\u00f3rdoba, Ver.- Los hechos delictivos en la entidad veracruzana no paran y, esta ma\u00f1ana fue ejecutado un taxista en la desviaci\u00f3n hacia el municipio de Omealca.<\/p>\n\n\n\n<p>El finado fue identificado como Mart\u00edn Hern\u00e1ndez G\u00f3mez de 36 a\u00f1os de edad y qui\u00e9n era conocido como &#8220;El Cholo&#8221;, con vivienda en el municipio de Omealca.<\/p>\n\n\n\n<p>La agresi\u00f3n se suscit\u00f3 aproximadamente a las 7:30 de la ma\u00f1ana sobre la carretera estatal Yanga &#8211; Omealca, muy cerca de la carretera federal C\u00f3rdoba &#8211; Veracruz.<\/p>\n\n\n\n<p>El veh\u00edculo de renta en el que fue atacado pertenec\u00eda la ciudad de C\u00f3rdoba y ten\u00eda el n\u00famero econ\u00f3mico CO-657; aun con vida, el conductor intent\u00f3 escapar, pero qued\u00f3 tendido a unos metros de su unidad.<\/p>\n\n\n\n<p>Tras ser reportados los hechos al n\u00famero de emergencias 911, param\u00e9dicos de SAMUV de Yanga llegaron al sitio para auxiliar a una mujer y a un beb\u00e9, los cuales resultaron ilesos.<\/p>\n\n\n\n<p>La polic\u00eda acordon\u00f3 la zona y despleg\u00f3 un operativo de b\u00fasqueda de los agresores, sin \u00e9xito.<\/p>\n","protected":false},"excerpt":{"rendered":"<p>Alejandro \u00c1vila C\u00f3rdoba, Ver.- Los hechos delictivos en la entidad veracruzana no paran y, esta ma\u00f1ana fue ejecutado un taxista en la desviaci\u00f3n hacia el municipio de Omealca. El finado fue identificado como Mart\u00edn Hern\u00e1ndez G\u00f3mez de 36 a\u00f1os de edad y qui\u00e9n era conocido como &#8220;El Cholo&#8221;, con vivienda en el municipio de Omealca. [&hellip;]<\/p>\n","protected":false},"author":2476,"featured_media":36001,"comment_status":"open","ping_status":"open","sticky":false,"template":"","format":"standard","meta":{"_jetpack_memberships_contains_paid_content":false,"footnotes":""},"categories":[14],"tags":[],"class_list":["post-36000","post","type-post","status-publish","format-standard","has-post-thumbnail","hentry","category-policiaca"],"jetpack_featured_media_url":"https:\/\/encuentroinformativo.com.mx\/wp-content\/uploads\/2023\/01\/IMG-20230126-WA0036.jpg","jetpack_sharing_enabled":true,"jetpack_likes_enabled":true,"amp_enabled":true,"_links":{"self":[{"href":"https:\/\/encuentroinformativo.com.mx\/index.php?rest_route=\/wp\/v2\/posts\/36000","targetHints":{"allow":["GET"]}}],"collection":[{"href":"https:\/\/encuentroinformativo.com.mx\/index.php?rest_route=\/wp\/v2\/posts"}],"about":[{"href":"https:\/\/encuentroinformativo.com.mx\/index.php?rest_route=\/wp\/v2\/types\/post"}],"author":[{"embeddable":true,"href":"https:\/\/encuentroinformativo.com.mx\/index.php?rest_route=\/wp\/v2\/users\/2476"}],"replies":[{"embeddable":true,"href":"https:\/\/encuentroinformativo.com.mx\/index.php?rest_route=%2Fwp%2Fv2%2Fcomments&post=36000"}],"version-history":[{"count":1,"href":"https:\/\/encuentroinformativo.com.mx\/index.php?rest_route=\/wp\/v2\/posts\/36000\/revisions"}],"predecessor-version":[{"id":36002,"href":"https:\/\/encuentroinformativo.com.mx\/index.php?rest_route=\/wp\/v2\/posts\/36000\/revisions\/36002"}],"wp:featuredmedia":[{"embeddable":true,"href":"https:\/\/encuentroinformativo.com.mx\/index.php?rest_route=\/wp\/v2\/media\/36001"}],"wp:attachment":[{"href":"https:\/\/encuentroinformativo.com.mx\/index.php?rest_route=%2Fwp%2Fv2%2Fmedia&parent=36000"}],"wp:term":[{"taxonomy":"category","embeddable":true,"href":"https:\/\/encuentroinformativo.com.mx\/index.php?rest_route=%2Fwp%2Fv2%2Fcategories&post=36000"},{"taxonomy":"post_tag","embeddable":true,"href":"https:\/\/encuentroinformativo.com.mx\/index.php?rest_route=%2Fwp%2Fv2%2Ftags&post=36000"}],"curies":[{"name":"wp","href":"https:\/\/api.w.org\/{rel}","templated":true}]}}