{"id":36003,"date":"2023-01-26T16:53:07","date_gmt":"2023-01-26T22:53:07","guid":{"rendered":"https:\/\/encuentroinformativo.com.mx\/?p=36003"},"modified":"2023-01-26T16:53:10","modified_gmt":"2023-01-26T22:53:10","slug":"preocupa-a-conafor-proxima-temporada-de-incendios","status":"publish","type":"post","link":"https:\/\/encuentroinformativo.com.mx\/?p=36003","title":{"rendered":"Preocupa a CONAFOR pr\u00f3xima temporada de incendios"},"content":{"rendered":"\n<p><strong>Dar\u00edo Pale <\/strong><\/p>\n\n\n\n<p>Xalapa, Ver.- Es muy &#8220;preocupante&#8221; temporada de incendios forestales en Veracruz, &#8220;vamos a tener una temporada complicada&#8221;, la CONAFOR aporta cien brigadistas m\u00e1s para este a\u00f1o, as\u00ed lo dio a conocer el director del Parque Nacional Pico de Orizaba, Ra\u00fal \u00c1lvarez Oseguera.<\/p>\n\n\n\n<p>En entrevista se\u00f1al\u00f3 que, &#8220;la temporada de incendios se reporta como preocupante, ya lo estamos viviendo desde temprano en el a\u00f1o ya estamos teniendo eventos de incendios, eso no suced\u00eda en otros a\u00f1os&#8221;.<\/p>\n\n\n\n<p>&#8220;<strong>Las heladas que est\u00e1n cayendo, los soles que est\u00e1n pegando, s\u00ed hablan de que vamos a tener una temporada complicada&#8221;<\/strong>, se\u00f1al\u00f3.<\/p>\n\n\n\n<p>Coment\u00f3 que afortunadamente las brigadas contra incendios forestales ya est\u00e1n activas, adem\u00e1s de que existe una muy buena coordinaci\u00f3n entre las instituciones que intervienen cuando se registra un siniestro de esa naturaleza.<\/p>\n\n\n\n<p>&#8220;Estamos preparados, es una situaci\u00f3n compleja. Un llamado a los visitantes a que hagan un uso responsable del fuego o mejor que no hagan uso del fuego&#8221;, coment\u00f3.<\/p>\n\n\n\n<p>Por lo que solicit\u00f3 y refiri\u00f3 que la causa del incendio en el paraje La Troja del Diablo en el municipio de Calcahualco, seguramente fue por una fogata mal apagada.<\/p>\n\n\n\n<p>Apenas este lunes 23 de enero, Ernesto Ladr\u00f3n de Guevara Alafita, coordinador general de Desarrollo Institucional y Proyectos Especiales de la Conafor, dio a conocer que para este a\u00f1o la dependencia pondr\u00e1 a disposici\u00f3n cinco brigadas oficiales en el Estado, as\u00ed como apoyo directo a los municipios y a la Entidad.<\/p>\n\n\n\n<p>Ello representa la participaci\u00f3n de 100 combatientes de incendios que se sumar\u00e1n a los que aportar\u00e1n los municipios y el gobierno del Estado para las acciones preventivas y contra los incendios que se presenten en Veracruz.<\/p>\n\n\n\n<p>Mencion\u00f3 que Veracruz ocupa el lugar n\u00famero 9 a nivel nacional por el n\u00famero de incendios forestales y, el 25 por superficie siniestrada, y que de acuerdo al Inventario Nacional Forestal y de Suelos, Veracruz cuenta con 1.5 millones de hect\u00e1reas de ecosistemas forestales.<\/p>\n\n\n\n<p>Refiri\u00f3 que el a\u00f1o pasado se presentaron 269 incendios, lo que posiciona a la Entidad en el noveno lugar a nivel nacional por el n\u00famero de siniestros, de un total de 6 mil 755 que se registraron en el pa\u00eds.<\/p>\n\n\n\n<p>Finalmente en cuanto a la superficie siniestrada, Veracruz ocup\u00f3 el lugar 25 con 2 mil 305 hect\u00e1reas de un total de 69 mil 626 que se presentaron en todo el pa\u00eds.<\/p>\n","protected":false},"excerpt":{"rendered":"<p>Dar\u00edo Pale Xalapa, Ver.- Es muy &#8220;preocupante&#8221; temporada de incendios forestales en Veracruz, &#8220;vamos a tener una temporada complicada&#8221;, la CONAFOR aporta cien brigadistas m\u00e1s para este a\u00f1o, as\u00ed lo dio a conocer el director del Parque Nacional Pico de Orizaba, Ra\u00fal \u00c1lvarez Oseguera. En entrevista se\u00f1al\u00f3 que, &#8220;la temporada de incendios se reporta como [&hellip;]<\/p>\n","protected":false},"author":2476,"featured_media":36004,"comment_status":"open","ping_status":"open","sticky":false,"template":"","format":"standard","meta":{"_jetpack_memberships_contains_paid_content":false,"footnotes":""},"categories":[2],"tags":[],"class_list":["post-36003","post","type-post","status-publish","format-standard","has-post-thumbnail","hentry","category-estado"],"jetpack_featured_media_url":"https:\/\/encuentroinformativo.com.mx\/wp-content\/uploads\/2023\/01\/IMG-20230126-WA00402.jpg","jetpack_sharing_enabled":true,"jetpack_likes_enabled":true,"amp_enabled":true,"_links":{"self":[{"href":"https:\/\/encuentroinformativo.com.mx\/index.php?rest_route=\/wp\/v2\/posts\/36003","targetHints":{"allow":["GET"]}}],"collection":[{"href":"https:\/\/encuentroinformativo.com.mx\/index.php?rest_route=\/wp\/v2\/posts"}],"about":[{"href":"https:\/\/encuentroinformativo.com.mx\/index.php?rest_route=\/wp\/v2\/types\/post"}],"author":[{"embeddable":true,"href":"https:\/\/encuentroinformativo.com.mx\/index.php?rest_route=\/wp\/v2\/users\/2476"}],"replies":[{"embeddable":true,"href":"https:\/\/encuentroinformativo.com.mx\/index.php?rest_route=%2Fwp%2Fv2%2Fcomments&post=36003"}],"version-history":[{"count":1,"href":"https:\/\/encuentroinformativo.com.mx\/index.php?rest_route=\/wp\/v2\/posts\/36003\/revisions"}],"predecessor-version":[{"id":36005,"href":"https:\/\/encuentroinformativo.com.mx\/index.php?rest_route=\/wp\/v2\/posts\/36003\/revisions\/36005"}],"wp:featuredmedia":[{"embeddable":true,"href":"https:\/\/encuentroinformativo.com.mx\/index.php?rest_route=\/wp\/v2\/media\/36004"}],"wp:attachment":[{"href":"https:\/\/encuentroinformativo.com.mx\/index.php?rest_route=%2Fwp%2Fv2%2Fmedia&parent=36003"}],"wp:term":[{"taxonomy":"category","embeddable":true,"href":"https:\/\/encuentroinformativo.com.mx\/index.php?rest_route=%2Fwp%2Fv2%2Fcategories&post=36003"},{"taxonomy":"post_tag","embeddable":true,"href":"https:\/\/encuentroinformativo.com.mx\/index.php?rest_route=%2Fwp%2Fv2%2Ftags&post=36003"}],"curies":[{"name":"wp","href":"https:\/\/api.w.org\/{rel}","templated":true}]}}