{"id":36016,"date":"2023-01-27T09:41:35","date_gmt":"2023-01-27T15:41:35","guid":{"rendered":"https:\/\/encuentroinformativo.com.mx\/?p=36016"},"modified":"2023-01-27T09:41:39","modified_gmt":"2023-01-27T15:41:39","slug":"zenyazen-en-washington","status":"publish","type":"post","link":"https:\/\/encuentroinformativo.com.mx\/?p=36016","title":{"rendered":"ZENYAZEN EN WASHINGTON"},"content":{"rendered":"\n<p><strong>ColumnaSinNombre<br>@pablojair<\/strong><\/p>\n\n\n\n<ul class=\"wp-block-list\"><li>Turismo es la palabra; no importan los colores.<\/li><li>Reuni\u00f3n importante para el Tren Interoce\u00e1nico.<\/li><li>Un manipulador jarocho en la &#8220;ma\u00f1anera&#8221;.<\/li><\/ul>\n\n\n\n<p>Muy agradecido el autor de la columna por sus felicitaciones.<br>Ustedes son lo mejor de este mundo. Gracias por estar.<br>&#8211;Chopenjawer<\/p>\n\n\n\n<p>Quien anda en una destacada gira en los Estados Unidos, es el secretario de Educaci\u00f3n de Veracruz, Zenyazen Escobar Garc\u00eda, invitado a participar en el Programa de Alta Gerencia Educativa, que tiene lugar en la Universidad de Georgetown, una de las m\u00e1s prestigiosas del vecino americano.<\/p>\n\n\n\n<p>Y no es cualquier evento: est\u00e1 presente la crema y nata de los ministros de Educaci\u00f3n de toda Am\u00e9rica Latina.<\/p>\n\n\n\n<p>Este jueves, por ejemplo, Escobar Garc\u00eda tuvo una reuni\u00f3n en el Departamento de Educaci\u00f3n de Estados Unidos, que es algo as\u00ed como la Secretar\u00eda de Educaci\u00f3n P\u00fablica ac\u00e1 en M\u00e9xico (es su hom\u00f3loga, pues).<\/p>\n\n\n\n<p>\u201cJunto con los ministros y secretarios de Educaci\u00f3n de los estados y pa\u00edses invitados particip\u00e9 en una Reuni\u00f3n con funcionarios del Departamento de Educaci\u00f3n de Estados Unidos que encabezaron la asesora principal del Secretario de Educaci\u00f3n y Directora de Asuntos Internacionales, Maureen McLaughlin; el subdirector de Asuntos Internacionales, Rafael Nev\u00e1rez y la subsecretaria Adjunta en funciones, Montserrat Garibay\u201d, coment\u00f3 en redes sociales.<\/p>\n\n\n\n<p>Y a diferencia de otros tiempos onerosos cuando les gustaba presumir el billete viajando en jets privados o en el del Gobierno de Veracruz (con cargo millonario al erario), el secretario Zenyazen viaj\u00f3 s\u00f3lo en vuelo comercial con un acompa\u00f1ante, sin comitiva, con los gastos cubiertos por parte de la Fundaci\u00f3n Varkey, enfocada &#8211;seg\u00fan su portal web&#8211; en mejorar los est\u00e1ndares de educaci\u00f3n para ni\u00f1os desfavorecidos.<\/p>\n\n\n\n<p>Su participaci\u00f3n tambi\u00e9n tiene qu\u00e9 ver con el objetivo, metas y resultados del Programa de Aprendizajes Fundamentales Imprescindibles (AFI) \u201cque tanto \u00e9xito tuvieron en el estado de Veracruz, sobre todo en los grados de primero a tercero de primaria, como parte del trabajo hecho para abatir el rezago que dej\u00f3 la pandemia por COVID-19\u201d, de acuerdo a la reportera Karla M\u00e9ndez.<\/p>\n\n\n\n<p>En su segundo d\u00eda, Zenyazen tambi\u00e9n estuvo visitando el poderoso Senado de Estados Unidos, ah\u00ed en el Capitolio de la capital estadounidense (que recientemente tuvo una conmemoraci\u00f3n por el asalto que sufri\u00f3 a manos de grupos radicales conservadores y conspiracionistas); tuvo una reuni\u00f3n con el senador por Virginia, Tim Kaine, donde platicaron sobre la falta de maestros no s\u00f3lo en ese estado sino en todo USA (iu-es-ei), y el secretario de Educaci\u00f3n de Veracruz le coment\u00f3 acerca del capital humano calificado que ha trascendido, por ejemplo, en las universidades tecnol\u00f3gicas, donde se ha hecho una gran inversi\u00f3n en la administraci\u00f3n del gobernador Cuitl\u00e1huac Garc\u00eda Jim\u00e9nez. Por ah\u00ed puede haber un gran camino para el futuro.<\/p>\n\n\n\n<p>O sea, esas son gestiones de primera, mis ni\u00f1os.<\/p>\n\n\n\n<p>Este viernes, nos dicen, con guayabera t\u00edpica de estos lares, el secre Zenyazen dar\u00e1 un discurso donde saludar\u00e1 en n\u00e1huatl como los que hace aqu\u00ed en Veracruz. Me dicen que no hay problema porque all\u00e1 tienen traductores y todo se ha desarrollado bien, sin problemas por el asunto del lenguaje (debe mencionarse que la inclusi\u00f3n en Estados Unidos es algo que se practica desde hace rato y no tiene nada qu\u00e9 ver con los \u00f3rganos reproductivos del cuerpo, sino con verdaderas cuestiones como el lenguaje; el espa\u00f1ol, por ejemplo, es un idioma boyante en aquellos lares, respetado y al que consideran en empresas, escuelas, etc., como parte de la cultura norteamericana).<\/p>\n\n\n\n<p>Sin duda, el trabajo del secretario de Educaci\u00f3n, Zenyazen Escobar, est\u00e1 siendo foco de atenci\u00f3n en el mundo, a nivel internacional, en el pa\u00eds vecino que es el principal socio comercial de M\u00e9xico, y que adem\u00e1s lo liga una historia de siglos.<\/p>\n\n\n\n<p><strong>NOTA PARA PEGAR EN EL REFRI: <\/strong>Veracruz tiene todos los atractivos para convertirse en el principal polo tur\u00edstico del Golfo de M\u00e9xico: tiene playas, r\u00edos, pueblos m\u00e1gicos, historia, pero sobre todo su gente\u2026 Y es ah\u00ed donde debe prevalecer los m\u00e1s bello que tiene Veracruz, que es su calidez, y que adem\u00e1s va m\u00e1s all\u00e1 de los colores de partidos pol\u00edticos\u2026 Lo anterior se comenta porque la Secretar\u00eda de Turismo junt\u00f3 a m\u00e1s de 40 alcaldes y autoridades de 65 municipios en la primera reuni\u00f3n del a\u00f1o para coordinar de manera conjunta el Plan de Desarrollo Tur\u00edstico 2023\u2026 Ah\u00ed se puntualiz\u00f3 que la pol\u00edtica tur\u00edstica de la entidad se elabora de manera conjunta con los ayuntamientos, la iniciativa privada, gu\u00edas, operadores tur\u00edsticos, entre otros actores, con el objetivo de alcanzar intereses colectivos a partir de una meta com\u00fan\u2026 Datos relevantes ofrecidos por el titular Iv\u00e1n Mart\u00ednez, es que en 2022 la actividad tur\u00edstica del estado rebas\u00f3 los 18 mil mdp en derrama econ\u00f3mica, alcanzando los 11 millones de visitantes\/turistas, lo que implic\u00f3 un crecimiento del 300 por ciento respecto a 2019. Tambi\u00e9n destac\u00f3 que Veracruz ocupa el segundo lugar a nivel nacional en n\u00famero de establecimientos de hospedaje, el tercer lugar nacional en certificaciones tur\u00edsticas vigentes, el cuarto lugar nacional en n\u00famero de habitaciones, el quinto lugar nacional en llegada de turistas nacionales y el sexto lugar nacional en captaci\u00f3n econ\u00f3mica por hospedaje.<\/p>\n\n\n\n<p><strong>OTRA NOTA: <\/strong>El gobernador Cuitl\u00e1huac Garc\u00eda Jim\u00e9nez asisti\u00f3 a Palacio Nacional a una reuni\u00f3n concertada con el presidente Andr\u00e9s Manuel L\u00f3pez Obrador para dar seguimiento a la construcci\u00f3n y puesta en operaci\u00f3n del Tren Trans\u00edstmico, que agilizar\u00e1 la comunicaci\u00f3n entre el Pacifico al Golfo de M\u00e9xico\u2026 En sus redes sociales, el mandatario public\u00f3: &#8220;Llegando a Palacio Nacional, junto con los gobernadores de Oaxaca, Chiapas y Tabasco; seguimos trabajando el gran proyecto del Tren Trans\u00edsmico de Coatzacoalcos a Salina Cruz y que tendr\u00e1 una conexi\u00f3n al Tren Maya desde Coatzacoalcos por la ruta de Palenque. Agradecemos a la SEMAR el gran reimpulso que le ha dado a este proyecto de desarrollo regional&#8221;\u2026 Cabe recordar que este proyecto forma parte de la estrategia del Corredor Interoce\u00e1nico que espera mover 500 mil contenedores al a\u00f1o y potencializar el comercio con Estados Unidos y mediante el Tren Trans\u00edstmico se podr\u00e1 cruzar en en menos de 24 horas los puertos de Salina Cruz a Coatzacoalcos\u2026 Punto aparte son los 10 polos de desarrollo donde se impulsar\u00e1 la industria agr\u00edcola, textil, alimentos, maquinaria, por mencionar algunos, que impactar\u00e1 positivamente al crecimiento de la regi\u00f3n del Istmo.<\/p>\n\n\n\n<p><strong>LA \u00daLTIMA PORQUE CERRAMOS LOS FESTEJOS OFICIALES DEL 26 DE ENERO:<\/strong> Es una tristeza que algunos comunicadores quieran seguir haci\u00e9ndose notar o jalar los reflectores usando la bandera de periodistas ca\u00eddos o fallecidos, incluso &#8220;golpeteando&#8221; a la vieja usanza para ver qu\u00e9 pueden conseguir a base de presiones medi\u00e1ticas\u2026 Lo anterior se pudo ver este jueves en &#8220;la ma\u00f1anera&#8221;, donde no falt\u00f3 quien lleg\u00f3 a rasgarse las vestiduras y azotarse en el piso para tratar de culpar o responsabilizar a quienes ni siquiera estuvieron en los conflictos donde los periodistas perdieron la vida\u2026 El propio presidente contest\u00f3 contundente, porque la verdad se lo merec\u00eda as\u00ed m\u00e1s all\u00e1 del drama con el que quieren envolver las cosas: &#8220;Es un asunto que tiene que ver con nuestras convicciones, nosotros no somos farsantes y actuamos con honestidad y con humanismo. Y cuando t\u00fa hablas de la mam\u00e1 de \u2018el Chapo\u2019, pues esos son los argumentos, te lo digo con todo respeto, de nuestros adversarios, porque me baj\u00e9 a saludarla. Ya con ese hecho tratan de igualarme, \u00bfno? Y por qu\u00e9 no escucho, atiendo, a los familiares de v\u00edctimas; todo el tiempo los estoy escuchando, es que yo ando abajo siempre, a ras de tierra y recogiendo los sentimientos de la gente. Y tambi\u00e9n, si, tambi\u00e9n no me presto a la manipulaci\u00f3n. Por ejemplo, apenas hab\u00edamos hablado aqu\u00ed, le di instrucciones a Rosa Icela, y ya hab\u00eda salido informaci\u00f3n en una organizaci\u00f3n que se llama Art\u00edculo 19, que tenemos pruebas de que est\u00e1 completamente entregada al bloque conservador, y se dedica a atacarnos. Entonces, con todo respeto, no nos estamos chupando el dedo. Entonces, manipulaci\u00f3n no, justicia s\u00ed. Entonces, vas a ser atendido t\u00fa, todos, siempre lo hacemos&#8221;\u2026 Habr\u00eda qu\u00e9 recordar que no hace mucho hubo qui\u00e9nes se prestaron para este tipo de campa\u00f1as justo en los tiempos pre-electorales y electorales con el chaleco de &#8220;paladines de la justicia y la verdad\u201d, pero terminaron como simples &#8220;amiguis&#8221; de los Yunes o peor: de Winckler.<\/p>\n","protected":false},"excerpt":{"rendered":"<p>ColumnaSinNombre@pablojair Turismo es la palabra; no importan los colores. Reuni\u00f3n importante para el Tren Interoce\u00e1nico. Un manipulador jarocho en la &#8220;ma\u00f1anera&#8221;. Muy agradecido el autor de la columna por sus felicitaciones.Ustedes son lo mejor de este mundo. Gracias por estar.&#8211;Chopenjawer Quien anda en una destacada gira en los Estados Unidos, es el secretario de Educaci\u00f3n [&hellip;]<\/p>\n","protected":false},"author":2476,"featured_media":488,"comment_status":"open","ping_status":"open","sticky":false,"template":"","format":"standard","meta":{"_jetpack_memberships_contains_paid_content":false,"footnotes":""},"categories":[11],"tags":[],"class_list":["post-36016","post","type-post","status-publish","format-standard","has-post-thumbnail","hentry","category-opinion"],"jetpack_featured_media_url":"https:\/\/encuentroinformativo.com.mx\/wp-content\/uploads\/2020\/03\/F471F608-BA1A-416B-BA7B-BCFB24F4E6D0.jpeg","jetpack_sharing_enabled":true,"jetpack_likes_enabled":true,"amp_enabled":true,"_links":{"self":[{"href":"https:\/\/encuentroinformativo.com.mx\/index.php?rest_route=\/wp\/v2\/posts\/36016","targetHints":{"allow":["GET"]}}],"collection":[{"href":"https:\/\/encuentroinformativo.com.mx\/index.php?rest_route=\/wp\/v2\/posts"}],"about":[{"href":"https:\/\/encuentroinformativo.com.mx\/index.php?rest_route=\/wp\/v2\/types\/post"}],"author":[{"embeddable":true,"href":"https:\/\/encuentroinformativo.com.mx\/index.php?rest_route=\/wp\/v2\/users\/2476"}],"replies":[{"embeddable":true,"href":"https:\/\/encuentroinformativo.com.mx\/index.php?rest_route=%2Fwp%2Fv2%2Fcomments&post=36016"}],"version-history":[{"count":1,"href":"https:\/\/encuentroinformativo.com.mx\/index.php?rest_route=\/wp\/v2\/posts\/36016\/revisions"}],"predecessor-version":[{"id":36017,"href":"https:\/\/encuentroinformativo.com.mx\/index.php?rest_route=\/wp\/v2\/posts\/36016\/revisions\/36017"}],"wp:featuredmedia":[{"embeddable":true,"href":"https:\/\/encuentroinformativo.com.mx\/index.php?rest_route=\/wp\/v2\/media\/488"}],"wp:attachment":[{"href":"https:\/\/encuentroinformativo.com.mx\/index.php?rest_route=%2Fwp%2Fv2%2Fmedia&parent=36016"}],"wp:term":[{"taxonomy":"category","embeddable":true,"href":"https:\/\/encuentroinformativo.com.mx\/index.php?rest_route=%2Fwp%2Fv2%2Fcategories&post=36016"},{"taxonomy":"post_tag","embeddable":true,"href":"https:\/\/encuentroinformativo.com.mx\/index.php?rest_route=%2Fwp%2Fv2%2Ftags&post=36016"}],"curies":[{"name":"wp","href":"https:\/\/api.w.org\/{rel}","templated":true}]}}