{"id":36018,"date":"2023-01-27T09:49:37","date_gmt":"2023-01-27T15:49:37","guid":{"rendered":"https:\/\/encuentroinformativo.com.mx\/?p=36018"},"modified":"2023-01-27T09:49:41","modified_gmt":"2023-01-27T15:49:41","slug":"la-cuenta-publica-2021","status":"publish","type":"post","link":"https:\/\/encuentroinformativo.com.mx\/?p=36018","title":{"rendered":"LA CUENTA P\u00daBLICA 2021"},"content":{"rendered":"\n<p><strong>Los Pol\u00edticos<\/strong><\/p>\n\n\n\n<p><strong>Salvador Mu\u00f1oz<\/strong><\/p>\n\n\n\n<p>Este viernes la Comisi\u00f3n de Vigilancia de la LXVI Legislatura ha de recibir para su revisi\u00f3n y ahora s\u00ed, su VoBo, de la Cuenta P\u00fablica 2021, para que en la siguiente sesi\u00f3n legislativa se apruebe, s\u00ed, por mayor\u00eda.<\/p>\n\n\n\n<p>Habr\u00e1 que ver los resultados que arroje \u00e9sta y de cierta forma, a ver si se concatenan con muchas de las observaciones que la Oposici\u00f3n hizo durante las comparecencias de los secretarios de despacho\u2026<\/p>\n\n\n\n<p>No hay que dejar de observar que esta Cuenta P\u00fablica tiene su gracia, tan as\u00ed, que cost\u00f3 mover al entonces titular de la Comisi\u00f3n de Vigilancia, Luis Arturo Santiago y con ese cambio de piezas en el tablero legislativo, dio lugar al \u201csospechosismo\u201d del diputado con la titular del Orfis.<\/p>\n\n\n\n<p>Pero no s\u00f3lo eso\u2026 adem\u00e1s de ese movimiento, se agit\u00f3 el avispero al interior de la bancada de Morena cuando trascendi\u00f3 que la ex presidenta de la Mesa Directiva, Cecilia Guevara Guembe, pretend\u00eda dicha comisi\u00f3n lo que tambi\u00e9n dio lugar a que se corriera el rumor de que la vecina de Poza Rica ya dialogaba con ex alcaldes y alcaldes haciendo Cuentas (y no precisamente P\u00fablicas), luego de que alguien le hiciera creer que ella pod\u00eda ser la titular de la Comisi\u00f3n de Vigilancia\u2026 pero la bajaron de su nube, a tal grado que se apag\u00f3, pasando a ser una m\u00e1s del mont\u00f3n de la mayor\u00eda.<\/p>\n\n\n\n<p>A la Comisi\u00f3n de la Discordia lleg\u00f3 Rafael Fararoni, joven de todas las confianzas de Juan Javier G\u00f3mez Cazar\u00edn\u2026<\/p>\n\n\n\n<p>Quiz\u00e1s no se necesite ser un genio para adelantar que la Cuenta P\u00fablica 2021 no tendr\u00e1 mayores sorpresas en los secretarios de despacho de Cuitl\u00e1huac Garc\u00eda Jim\u00e9nez\u2026 aun con las observaciones que la Oposici\u00f3n hizo, aun con las Aralys que hay en este Gobierno\u2026 aun cuando hayan zafado a un titular de Salud cuya administraci\u00f3n ha estado bajo la mira de la Oposici\u00f3n por una serie de actividades que rayan en el \u201cSospechosismo\u201d&#8230;<\/p>\n\n\n\n<p>Y es que el Orfis no puede poner en tela de juicio el trabajo de los secretarios y el manejo de los recursos porque \u00bfsabe qui\u00e9n es el Jefe de los titulares de las Unidades Administrativas de cada despacho? Cuitl\u00e1huac! Remember, remember, sus palabras hace un a\u00f1o, precisamente con respecto a la Cuenta P\u00fablica 2020\u2026 \u201cInstru\u00ed en forma interna y tengo contacto con los titulares de las unidades administrativas para supervisarlas; les pido cuentas de manera directa sin pasar por los titulares. Primero me rinden cuentas a m\u00ed, y luego al titular; yo muevo, vigilo y si es necesario, despido sin necesidad del titular\u201d&#8230; \u00a1Todopoderoso!<\/p>\n\n\n\n<p>En el caso de los ex presidentes municipales, interesante ser\u00e1 ver qu\u00e9 tan limpios salen los morenos y hay tela de donde cortar\u2026 Mina, Coatza, \u00a1Xalapa!, Agua Dulce, Pueblo Viejo, por citar algunos ejemplos\u2026<\/p>\n\n\n\n<p>Si soy mal pensado, de seguro muchos de la Oposici\u00f3n y alguno que otro \u201caliado\u201d (para taparle el ojo al macho) ser\u00e1n se\u00f1alados con dedo flam\u00edgero para solventar las observaciones\u2026<\/p>\n\n\n\n<p>Hay que tomar en cuenta algunas cosillas\u2026 la mayor parte de los recursos que son puestos a revisi\u00f3n, vienen de la federaci\u00f3n. Creemos que el Orfis no se va a aventar un tiro con la Auditor\u00eda Superior de la Federaci\u00f3n pero ser\u00e1 en breve cuando se vea qu\u00e9 tan especial fue esta Cuenta P\u00fablica 2021 para que costara la cabeza de un titular de la Comisi\u00f3n de Vigilancia, se enlodara el trabajo de la Auditora, se disputara dicha Comisi\u00f3n y acabara en las manos del Joven de todas las confianzas de Cazar\u00edn\u2026<\/p>\n","protected":false},"excerpt":{"rendered":"<p>Los Pol\u00edticos Salvador Mu\u00f1oz Este viernes la Comisi\u00f3n de Vigilancia de la LXVI Legislatura ha de recibir para su revisi\u00f3n y ahora s\u00ed, su VoBo, de la Cuenta P\u00fablica 2021, para que en la siguiente sesi\u00f3n legislativa se apruebe, s\u00ed, por mayor\u00eda. Habr\u00e1 que ver los resultados que arroje \u00e9sta y de cierta forma, a [&hellip;]<\/p>\n","protected":false},"author":2476,"featured_media":387,"comment_status":"open","ping_status":"open","sticky":false,"template":"","format":"standard","meta":{"_jetpack_memberships_contains_paid_content":false,"footnotes":""},"categories":[11],"tags":[],"class_list":["post-36018","post","type-post","status-publish","format-standard","has-post-thumbnail","hentry","category-opinion"],"jetpack_featured_media_url":"https:\/\/encuentroinformativo.com.mx\/wp-content\/uploads\/2020\/03\/7CF8A22B-2764-47BE-8F7F-38FE9E5D6A2F.jpeg","jetpack_sharing_enabled":true,"jetpack_likes_enabled":true,"amp_enabled":true,"_links":{"self":[{"href":"https:\/\/encuentroinformativo.com.mx\/index.php?rest_route=\/wp\/v2\/posts\/36018","targetHints":{"allow":["GET"]}}],"collection":[{"href":"https:\/\/encuentroinformativo.com.mx\/index.php?rest_route=\/wp\/v2\/posts"}],"about":[{"href":"https:\/\/encuentroinformativo.com.mx\/index.php?rest_route=\/wp\/v2\/types\/post"}],"author":[{"embeddable":true,"href":"https:\/\/encuentroinformativo.com.mx\/index.php?rest_route=\/wp\/v2\/users\/2476"}],"replies":[{"embeddable":true,"href":"https:\/\/encuentroinformativo.com.mx\/index.php?rest_route=%2Fwp%2Fv2%2Fcomments&post=36018"}],"version-history":[{"count":1,"href":"https:\/\/encuentroinformativo.com.mx\/index.php?rest_route=\/wp\/v2\/posts\/36018\/revisions"}],"predecessor-version":[{"id":36019,"href":"https:\/\/encuentroinformativo.com.mx\/index.php?rest_route=\/wp\/v2\/posts\/36018\/revisions\/36019"}],"wp:featuredmedia":[{"embeddable":true,"href":"https:\/\/encuentroinformativo.com.mx\/index.php?rest_route=\/wp\/v2\/media\/387"}],"wp:attachment":[{"href":"https:\/\/encuentroinformativo.com.mx\/index.php?rest_route=%2Fwp%2Fv2%2Fmedia&parent=36018"}],"wp:term":[{"taxonomy":"category","embeddable":true,"href":"https:\/\/encuentroinformativo.com.mx\/index.php?rest_route=%2Fwp%2Fv2%2Fcategories&post=36018"},{"taxonomy":"post_tag","embeddable":true,"href":"https:\/\/encuentroinformativo.com.mx\/index.php?rest_route=%2Fwp%2Fv2%2Ftags&post=36018"}],"curies":[{"name":"wp","href":"https:\/\/api.w.org\/{rel}","templated":true}]}}