{"id":36020,"date":"2023-01-27T10:01:04","date_gmt":"2023-01-27T16:01:04","guid":{"rendered":"https:\/\/encuentroinformativo.com.mx\/?p=36020"},"modified":"2023-01-27T10:01:07","modified_gmt":"2023-01-27T16:01:07","slug":"amlo-confirma-a-matias-carrillo-como-manager-del-aguila-de-veracruz","status":"publish","type":"post","link":"https:\/\/encuentroinformativo.com.mx\/?p=36020","title":{"rendered":"AMLO confirma a Mat\u00edas Carrillo como manager del \u00c1guila de Veracruz"},"content":{"rendered":"\n<p><strong>Alejandro \u00c1vila<\/strong><\/p>\n\n\n\n<p>Veracruz, Ver.- Sin anuncio oficial por parte de la directiva del \u00c1guila de Veracruz, a trav\u00e9s de su cuenta de Twitter, el presidente Andr\u00e9s Manuel L\u00f3pez Obrador les gan\u00f3 la sorpresa, pues anuncio qu\u00e9 &#8220;El Coyote&#8221;, Mat\u00edas Carrillo, ser\u00e1 el nuevo manager del equipo para la temporada 2023.<\/p>\n\n\n\n<p>Este mi\u00e9rcoles por la noche subi\u00f3 un video de un encuentro de beisbol qu\u00e9 sostuvo contra la escuadra del Instituto Mexicano de Seguro Social (IMSS), d\u00f3nde participaron como invitados 4 ex peloteros profesionales.<\/p>\n\n\n\n<p>Jos\u00e9 Luis &#8220;Borrego&#8221; Sandoval; Daniel Fern\u00e1ndez; Jes\u00fas &#8220;Chito&#8221; R\u00edos; y el propio Mat\u00edas Carrillo &#8220;El Coyote&#8221;; de este \u00faltimo manifest\u00f3.<\/p>\n\n\n\n<p>&#8220;Mat\u00edas Carrillo, este s\u00ed macaneaba. Macaneaba y adem\u00e1s es el ejemplo de lo que es el b\u00e9isbol, el encarna el b\u00e9isbol, el b\u00e9isbol es cabeza, coraz\u00f3n y car\u00e1cter, este hombre era pura pasi\u00f3n y todav\u00eda est\u00e1 en activo, va a ir a trabajar de manager del \u00c1guila de Veracruz&#8221;, se\u00f1al\u00f3 el presidente de M\u00e9xico, Andr\u00e9s Manuel L\u00f3pez Obrador.<\/p>\n\n\n\n<p>&#8220;El Coyote&#8221; se retir\u00f3 del beisbol en los Tigres de M\u00e9xico, y ah\u00ed mismo inici\u00f3 su carrera como manager; antes de incursionar nuevamente en la Liga de Verano con el \u00c1guila de Veracruz, deber\u00e1 terminar su compromiso con Los Mayos de Navojoa en la Liga del Pac\u00edfico.<\/p>\n\n\n\n<p>En redes sociales tambi\u00e9n se dio a conocer la incorporaci\u00f3n del ex liga mayorista, Esteban Loaiza, quien fungir\u00e1 como asesor del cuerpo t\u00e9cnico del \u00c1guila de Veracruz.<\/p>\n","protected":false},"excerpt":{"rendered":"<p>Alejandro \u00c1vila Veracruz, Ver.- Sin anuncio oficial por parte de la directiva del \u00c1guila de Veracruz, a trav\u00e9s de su cuenta de Twitter, el presidente Andr\u00e9s Manuel L\u00f3pez Obrador les gan\u00f3 la sorpresa, pues anuncio qu\u00e9 &#8220;El Coyote&#8221;, Mat\u00edas Carrillo, ser\u00e1 el nuevo manager del equipo para la temporada 2023. Este mi\u00e9rcoles por la noche [&hellip;]<\/p>\n","protected":false},"author":2476,"featured_media":36021,"comment_status":"open","ping_status":"open","sticky":false,"template":"","format":"standard","meta":{"_jetpack_memberships_contains_paid_content":false,"footnotes":""},"categories":[2],"tags":[],"class_list":["post-36020","post","type-post","status-publish","format-standard","has-post-thumbnail","hentry","category-estado"],"jetpack_featured_media_url":"https:\/\/encuentroinformativo.com.mx\/wp-content\/uploads\/2023\/01\/Screenshot_20230127-0959142.png","jetpack_sharing_enabled":true,"jetpack_likes_enabled":true,"amp_enabled":true,"_links":{"self":[{"href":"https:\/\/encuentroinformativo.com.mx\/index.php?rest_route=\/wp\/v2\/posts\/36020","targetHints":{"allow":["GET"]}}],"collection":[{"href":"https:\/\/encuentroinformativo.com.mx\/index.php?rest_route=\/wp\/v2\/posts"}],"about":[{"href":"https:\/\/encuentroinformativo.com.mx\/index.php?rest_route=\/wp\/v2\/types\/post"}],"author":[{"embeddable":true,"href":"https:\/\/encuentroinformativo.com.mx\/index.php?rest_route=\/wp\/v2\/users\/2476"}],"replies":[{"embeddable":true,"href":"https:\/\/encuentroinformativo.com.mx\/index.php?rest_route=%2Fwp%2Fv2%2Fcomments&post=36020"}],"version-history":[{"count":1,"href":"https:\/\/encuentroinformativo.com.mx\/index.php?rest_route=\/wp\/v2\/posts\/36020\/revisions"}],"predecessor-version":[{"id":36022,"href":"https:\/\/encuentroinformativo.com.mx\/index.php?rest_route=\/wp\/v2\/posts\/36020\/revisions\/36022"}],"wp:featuredmedia":[{"embeddable":true,"href":"https:\/\/encuentroinformativo.com.mx\/index.php?rest_route=\/wp\/v2\/media\/36021"}],"wp:attachment":[{"href":"https:\/\/encuentroinformativo.com.mx\/index.php?rest_route=%2Fwp%2Fv2%2Fmedia&parent=36020"}],"wp:term":[{"taxonomy":"category","embeddable":true,"href":"https:\/\/encuentroinformativo.com.mx\/index.php?rest_route=%2Fwp%2Fv2%2Fcategories&post=36020"},{"taxonomy":"post_tag","embeddable":true,"href":"https:\/\/encuentroinformativo.com.mx\/index.php?rest_route=%2Fwp%2Fv2%2Ftags&post=36020"}],"curies":[{"name":"wp","href":"https:\/\/api.w.org\/{rel}","templated":true}]}}