{"id":36023,"date":"2023-01-27T10:04:16","date_gmt":"2023-01-27T16:04:16","guid":{"rendered":"https:\/\/encuentroinformativo.com.mx\/?p=36023"},"modified":"2023-01-27T10:04:19","modified_gmt":"2023-01-27T16:04:19","slug":"padecen-localidades-de-alvarado-constantes-cortes-de-energia-electrica","status":"publish","type":"post","link":"https:\/\/encuentroinformativo.com.mx\/?p=36023","title":{"rendered":"Padecen localidades de Alvarado constantes cortes de energ\u00eda el\u00e9ctrica"},"content":{"rendered":"\n<p><strong>Alejandro \u00c1vila<\/strong><\/p>\n\n\n\n<p>Alvarado, Ver.- Despu\u00e9s del bloqueo carretero por habitantes de la comunidad Buen Pa\u00eds, la alcaldesa de Alvarado, Lizette \u00c1lvarez Vera confirm\u00f3 qu\u00e9, otras cinco localidades m\u00e1s sufren constantemente de los cortes energ\u00eda el\u00e9ctrica.<\/p>\n\n\n\n<p>La presidenta municipal mencion\u00f3 que esto ocurre constantemente durante los frentes fr\u00edos por las fuertes rachas del &#8220;norte&#8221;; adem\u00e1s de que, debido a la cercan\u00eda con el mar, el salitre deteriora el cableado y los transformadores.<\/p>\n\n\n\n<p>Entre las comunidades qu\u00e9 constantemente hacen queja por la falta de energ\u00eda el\u00e9ctrica se encuentran: Camaronera, Arbolillo, Salinas, Costa de la Palma, Rinc\u00f3n de la Palma.<\/p>\n\n\n\n<p>&#8220;La temporada de norte afecta, es una zona donde pega mucho el norte y atrofia los transformadores, tiras los cables y eso ha sido un mantenimiento constante, hemos entablado con la Comisi\u00f3n Federal de Electoral. Son localidad del litoral del Golfo, son 6 las que est\u00e1n m\u00e1s propensas&#8221;, indic\u00f3.<\/p>\n\n\n\n<p>Agreg\u00f3 que si bien existe quejas de los usuarios, la Comunidad Federal de Electricidad, atiende oportunamente los reportes.&nbsp;<\/p>\n\n\n\n<p>&#8220;El tiempo en que demoran en trabajar depende de la situaci\u00f3n que se presenta. En la ocasi\u00f3n de Buen Pa\u00eds el corte de dio a las 6 de la tarde y antes de las 8 de la noche se dio la atenci\u00f3n de la Comisi\u00f3n&#8221;.&nbsp;<\/p>\n\n\n\n<p>Tras el evento de norte por el frente fr\u00edo 27, la alcaldesa se\u00f1al\u00f3 que ya se restableci\u00f3 el servicio de Electricidad en las comunidades.<\/p>\n","protected":false},"excerpt":{"rendered":"<p>Alejandro \u00c1vila Alvarado, Ver.- Despu\u00e9s del bloqueo carretero por habitantes de la comunidad Buen Pa\u00eds, la alcaldesa de Alvarado, Lizette \u00c1lvarez Vera confirm\u00f3 qu\u00e9, otras cinco localidades m\u00e1s sufren constantemente de los cortes energ\u00eda el\u00e9ctrica. La presidenta municipal mencion\u00f3 que esto ocurre constantemente durante los frentes fr\u00edos por las fuertes rachas del &#8220;norte&#8221;; adem\u00e1s de [&hellip;]<\/p>\n","protected":false},"author":2476,"featured_media":36024,"comment_status":"open","ping_status":"open","sticky":false,"template":"","format":"standard","meta":{"_jetpack_memberships_contains_paid_content":false,"footnotes":""},"categories":[2],"tags":[],"class_list":["post-36023","post","type-post","status-publish","format-standard","has-post-thumbnail","hentry","category-estado"],"jetpack_featured_media_url":"https:\/\/encuentroinformativo.com.mx\/wp-content\/uploads\/2023\/01\/IMG-20230127-WA00052.jpg","jetpack_sharing_enabled":true,"jetpack_likes_enabled":true,"amp_enabled":true,"_links":{"self":[{"href":"https:\/\/encuentroinformativo.com.mx\/index.php?rest_route=\/wp\/v2\/posts\/36023","targetHints":{"allow":["GET"]}}],"collection":[{"href":"https:\/\/encuentroinformativo.com.mx\/index.php?rest_route=\/wp\/v2\/posts"}],"about":[{"href":"https:\/\/encuentroinformativo.com.mx\/index.php?rest_route=\/wp\/v2\/types\/post"}],"author":[{"embeddable":true,"href":"https:\/\/encuentroinformativo.com.mx\/index.php?rest_route=\/wp\/v2\/users\/2476"}],"replies":[{"embeddable":true,"href":"https:\/\/encuentroinformativo.com.mx\/index.php?rest_route=%2Fwp%2Fv2%2Fcomments&post=36023"}],"version-history":[{"count":1,"href":"https:\/\/encuentroinformativo.com.mx\/index.php?rest_route=\/wp\/v2\/posts\/36023\/revisions"}],"predecessor-version":[{"id":36025,"href":"https:\/\/encuentroinformativo.com.mx\/index.php?rest_route=\/wp\/v2\/posts\/36023\/revisions\/36025"}],"wp:featuredmedia":[{"embeddable":true,"href":"https:\/\/encuentroinformativo.com.mx\/index.php?rest_route=\/wp\/v2\/media\/36024"}],"wp:attachment":[{"href":"https:\/\/encuentroinformativo.com.mx\/index.php?rest_route=%2Fwp%2Fv2%2Fmedia&parent=36023"}],"wp:term":[{"taxonomy":"category","embeddable":true,"href":"https:\/\/encuentroinformativo.com.mx\/index.php?rest_route=%2Fwp%2Fv2%2Fcategories&post=36023"},{"taxonomy":"post_tag","embeddable":true,"href":"https:\/\/encuentroinformativo.com.mx\/index.php?rest_route=%2Fwp%2Fv2%2Ftags&post=36023"}],"curies":[{"name":"wp","href":"https:\/\/api.w.org\/{rel}","templated":true}]}}