{"id":36029,"date":"2023-01-27T10:29:58","date_gmt":"2023-01-27T16:29:58","guid":{"rendered":"https:\/\/encuentroinformativo.com.mx\/?p=36029"},"modified":"2023-01-27T10:30:02","modified_gmt":"2023-01-27T16:30:02","slug":"31-por-ciento-de-los-veracruzanos-no-cuenta-con-servicio-de-salud-diputado","status":"publish","type":"post","link":"https:\/\/encuentroinformativo.com.mx\/?p=36029","title":{"rendered":"31 por ciento de los veracruzanos no cuenta con servicio de salud: Diputado"},"content":{"rendered":"\n<p><strong>Alejandro \u00c1vila<\/strong><\/p>\n\n\n\n<p>Boca del R\u00edo, Ver.- El diputado local Jaime de la Garza Mart\u00ednez mencion\u00f3 que, seg\u00fan datos del CONEVAL, el 31 por ciento de los veracruzanos; es decir, 2 millones 508 mil personas, aproximadamente, no cuenta con un servicio m\u00e9dico gubernamental.<\/p>\n\n\n\n<p>Ante esta situaci\u00f3n, el panista present\u00f3 una iniciativa de decreto para subrogar gastos econ\u00f3micos para quienes carecen de Seguridad Social; as\u00ed se adicionar\u00eda la fracci\u00f3n XX Bis, al apartado A del art\u00edculo 3 de la ley de Salud de Veracruz, que consiste en subrogar los gastos econ\u00f3micos por concepto de prestaci\u00f3n de servicios de salud, atenci\u00f3n m\u00e9dica, hospitalizaci\u00f3n, medicamentos y dem\u00e1s insumos asociados, otorgados por el sector privado a las personas sin&nbsp;seguridad social que les sea denegado el servicio en los centros de salud, cl\u00ednicas y&nbsp;hospitales a cargo del Gobierno del Estado.<\/p>\n\n\n\n<p>En M\u00e9xico, la carencia por acceso a los servicios de salud de la poblaci\u00f3n que no&nbsp;cuenta con adscripci\u00f3n o afiliaci\u00f3n a las instituciones p\u00fablicas de seguridad social (IMSS, ISSSTE, Pemex, Ej\u00e9rcito o Marina), o bien, no report\u00f3 tener derecho a recibir los servicios que presta el Instituto de Salud para el Bienestar (INSABI) es de 28.2%.<\/p>\n\n\n\n<p>De la Garza Mart\u00ednez se\u00f1al\u00f3 que la situaci\u00f3n se torna m\u00e1s grave para las personas sin seguridad social, cuando se enfrenta a una enfermedad grave que puede sumir a la familia en la&nbsp;pobreza o ahondar los niveles de desigualdad social, por los gastos propios de la enfermedad o por la p\u00e9rdida de ingreso si la persona enferma era quien contribu\u00eda al ingreso familiar.<\/p>\n\n\n\n<p>El legislador panista precis\u00f3 que, de acuerdo al reporte del Ejecutivo de la&nbsp;Evaluaci\u00f3n Espec\u00edfica de Desempe\u00f1o del Fondo de Aportaciones para los Servicios de Salud (FASSA) en el a\u00f1o 2022, indica que, en el ejercicio fiscal 2021 se destinaron 7, 423 millones al estado de Veracruz; sin embargo, hubo un subejercicio de 18 millones 500 mil&nbsp;pesos.<\/p>\n\n\n\n<p>Por lo cual, la entidad de evaluaci\u00f3n expuso en su informe que, la Secretar\u00eda de Salud de Veracruz (SESVER), deber\u00eda implementar los controles necesarios para disminuir o erradicar estas pr\u00e1cticas de efectuar un gasto menor a lo autorizado.<\/p>\n\n\n\n<p>\u201cAsimismo, la entidad valuadora orden\u00f3 a SESVER, y cito, es necesario que SESVER\u00a0implemente un informe anual de resultados con los recursos del FASA, donde se ponga en consideraci\u00f3n los evaluadores, fiscalizadores o ciudadan\u00eda, la descripci\u00f3n de actividades, el gasto de recursos y el planteamiento de si lo programado realmente se cumpli\u00f3, lo que\u00a0coadyuvar\u00eda incluso a evitar subejercicio de los recursos\u201d.<\/p>\n\n\n\n<p>Agreg\u00f3 que la misma entidad dio a conocer en el informe que, al intentar revisar la aplicaci\u00f3n del recurso en programas de SESVER, no se pudo verificar si se transparentan las principales acciones de ese programa, y tampoco pudo verificar si es que disponen de un informe anual de resultados que muestre el cumplimiento de lo<br>programado.<\/p>\n\n\n\n<p>\u201cTambi\u00e9n presentan debilidades en el c\u00f3digo de \u00e9tica y ministraci\u00f3n de medicinas y actividades de control interno, bajas de personal, entre otras, pero que tal que como fortaleza marcan la gesti\u00f3n de 55 buzones de acr\u00edlicos para quejas y sugerencias, redacci\u00f3n de manuales, ese es el sistema de Salud en el Estado de Veracruz, no la atenci\u00f3n, no la transparencia, no la buena administraci\u00f3n\u201d, sostuvo.<\/p>\n","protected":false},"excerpt":{"rendered":"<p>Alejandro \u00c1vila Boca del R\u00edo, Ver.- El diputado local Jaime de la Garza Mart\u00ednez mencion\u00f3 que, seg\u00fan datos del CONEVAL, el 31 por ciento de los veracruzanos; es decir, 2 millones 508 mil personas, aproximadamente, no cuenta con un servicio m\u00e9dico gubernamental. Ante esta situaci\u00f3n, el panista present\u00f3 una iniciativa de decreto para subrogar gastos [&hellip;]<\/p>\n","protected":false},"author":2476,"featured_media":36030,"comment_status":"open","ping_status":"open","sticky":false,"template":"","format":"standard","meta":{"_jetpack_memberships_contains_paid_content":false,"footnotes":""},"categories":[2],"tags":[],"class_list":["post-36029","post","type-post","status-publish","format-standard","has-post-thumbnail","hentry","category-estado"],"jetpack_featured_media_url":"https:\/\/encuentroinformativo.com.mx\/wp-content\/uploads\/2023\/01\/IMG-20230127-WA00112.jpg","jetpack_sharing_enabled":true,"jetpack_likes_enabled":true,"amp_enabled":true,"_links":{"self":[{"href":"https:\/\/encuentroinformativo.com.mx\/index.php?rest_route=\/wp\/v2\/posts\/36029","targetHints":{"allow":["GET"]}}],"collection":[{"href":"https:\/\/encuentroinformativo.com.mx\/index.php?rest_route=\/wp\/v2\/posts"}],"about":[{"href":"https:\/\/encuentroinformativo.com.mx\/index.php?rest_route=\/wp\/v2\/types\/post"}],"author":[{"embeddable":true,"href":"https:\/\/encuentroinformativo.com.mx\/index.php?rest_route=\/wp\/v2\/users\/2476"}],"replies":[{"embeddable":true,"href":"https:\/\/encuentroinformativo.com.mx\/index.php?rest_route=%2Fwp%2Fv2%2Fcomments&post=36029"}],"version-history":[{"count":1,"href":"https:\/\/encuentroinformativo.com.mx\/index.php?rest_route=\/wp\/v2\/posts\/36029\/revisions"}],"predecessor-version":[{"id":36031,"href":"https:\/\/encuentroinformativo.com.mx\/index.php?rest_route=\/wp\/v2\/posts\/36029\/revisions\/36031"}],"wp:featuredmedia":[{"embeddable":true,"href":"https:\/\/encuentroinformativo.com.mx\/index.php?rest_route=\/wp\/v2\/media\/36030"}],"wp:attachment":[{"href":"https:\/\/encuentroinformativo.com.mx\/index.php?rest_route=%2Fwp%2Fv2%2Fmedia&parent=36029"}],"wp:term":[{"taxonomy":"category","embeddable":true,"href":"https:\/\/encuentroinformativo.com.mx\/index.php?rest_route=%2Fwp%2Fv2%2Fcategories&post=36029"},{"taxonomy":"post_tag","embeddable":true,"href":"https:\/\/encuentroinformativo.com.mx\/index.php?rest_route=%2Fwp%2Fv2%2Ftags&post=36029"}],"curies":[{"name":"wp","href":"https:\/\/api.w.org\/{rel}","templated":true}]}}