{"id":36032,"date":"2023-01-27T10:49:45","date_gmt":"2023-01-27T16:49:45","guid":{"rendered":"https:\/\/encuentroinformativo.com.mx\/?p=36032"},"modified":"2023-01-27T10:49:49","modified_gmt":"2023-01-27T16:49:49","slug":"mantarrayas-o-bucaneros-nuevo-nombre-del-equipo-de-futbol-en-veracruz-sefiplan","status":"publish","type":"post","link":"https:\/\/encuentroinformativo.com.mx\/?p=36032","title":{"rendered":"Mantarrayas o Bucaneros, nuevo nombre del equipo de f\u00fatbol en Veracruz: SEFIPLAN"},"content":{"rendered":"\n<p><strong>Alejandro \u00c1vila<\/strong><\/p>\n\n\n\n<p>Veracruz, Ver.- El secretario de Finanzas y Planeaci\u00f3n (SEFIPLAN), Jos\u00e9 Luis Lima Franco, confirm\u00f3 que a\u00fan se encuentran en litigio por el nombre de &#8220;Tiburones Rojos&#8221;, por lo que tendr\u00e1 que ser la afici\u00f3n qui\u00e9n elija el nuevo nombre del equipo de f\u00fatbol de Veracruz.<\/p>\n\n\n\n<p>El funcionario estatal dijo que el empresario que finalmente quede al mando de nuevo equipo de f\u00fatbol tendr\u00e1 que consultar primero con la afici\u00f3n cu\u00e1l ser\u00e1 el nuevo nombre; en redes sociales circulan las versiones de que se podr\u00edan llamar &#8220;Mantarrayas&#8221; o &#8220;Bucaneros&#8221;.<\/p>\n\n\n\n<p>\u201cUn tema que ya se tendr\u00eda que ver con los empresarios como ya se hizo con el \u00c1guila de Veracruz (\u2026) El nombre tambi\u00e9n ser\u00eda tema de los empresarios, pero bueno, nosotros pedir\u00edamos que se le consulte a la ciudadan\u00eda, a los veracruzanos, cu\u00e1l creen que podr\u00eda ser un nombre m\u00e1s id\u00f3neo para el equipo\u201d, se\u00f1al\u00f3 Lima Franco.<\/p>\n\n\n\n<p>Cabe destacar qu\u00e9, qui\u00e9n a\u00fan cuenta con los derechos de nombre &#8220;Tiburones Rojos&#8221;, es el empresario orizabe\u00f1o, Fidel Kuri Grajales.<\/p>\n\n\n\n<p>Sobre la rehabilitaci\u00f3n del estadio Luis &#8220;Pirata&#8221; Fuente, Jos\u00e9 Luis Lima Franco dijo que la primera parte debe estar concluida antes del mes de mayo, para que entre los meses de junio y julio el nuevo equipo ya pueda iniciar con los entrenamientos en esa sede.<\/p>\n\n\n\n<p>Resalt\u00f3 que un tema importante es la derrama econ\u00f3mica que genera para la zona conurbada Veracruz &#8211; Boca del R\u00edo, debido a ello se est\u00e1 dando celeridad al tema para que el f\u00fatbol regrese.<\/p>\n\n\n\n<p>\u201cLo m\u00e1s importante es que se pueda regresar el f\u00fatbol a Veracruz, al &#8216;Pirata&#8217; Fuente, dos por la gran derrama que se puede dar en la zona y el fomento al deporte que es algo muy importante\u201d, a\u00f1adi\u00f3.<\/p>\n\n\n\n<p>Se aclar\u00f3 que el nuevo equipo de f\u00fatbol de Veracruz no entrar\u00eda en Primera Divisi\u00f3n, sino, en Liga de Expansi\u00f3n, con otro nombre y color.<\/p>\n","protected":false},"excerpt":{"rendered":"<p>Alejandro \u00c1vila Veracruz, Ver.- El secretario de Finanzas y Planeaci\u00f3n (SEFIPLAN), Jos\u00e9 Luis Lima Franco, confirm\u00f3 que a\u00fan se encuentran en litigio por el nombre de &#8220;Tiburones Rojos&#8221;, por lo que tendr\u00e1 que ser la afici\u00f3n qui\u00e9n elija el nuevo nombre del equipo de f\u00fatbol de Veracruz. El funcionario estatal dijo que el empresario que [&hellip;]<\/p>\n","protected":false},"author":2476,"featured_media":36033,"comment_status":"open","ping_status":"open","sticky":false,"template":"","format":"standard","meta":{"_jetpack_memberships_contains_paid_content":false,"footnotes":""},"categories":[2],"tags":[],"class_list":["post-36032","post","type-post","status-publish","format-standard","has-post-thumbnail","hentry","category-estado"],"jetpack_featured_media_url":"https:\/\/encuentroinformativo.com.mx\/wp-content\/uploads\/2023\/01\/IMG-20230127-WA0016.jpg","jetpack_sharing_enabled":true,"jetpack_likes_enabled":true,"amp_enabled":true,"_links":{"self":[{"href":"https:\/\/encuentroinformativo.com.mx\/index.php?rest_route=\/wp\/v2\/posts\/36032","targetHints":{"allow":["GET"]}}],"collection":[{"href":"https:\/\/encuentroinformativo.com.mx\/index.php?rest_route=\/wp\/v2\/posts"}],"about":[{"href":"https:\/\/encuentroinformativo.com.mx\/index.php?rest_route=\/wp\/v2\/types\/post"}],"author":[{"embeddable":true,"href":"https:\/\/encuentroinformativo.com.mx\/index.php?rest_route=\/wp\/v2\/users\/2476"}],"replies":[{"embeddable":true,"href":"https:\/\/encuentroinformativo.com.mx\/index.php?rest_route=%2Fwp%2Fv2%2Fcomments&post=36032"}],"version-history":[{"count":1,"href":"https:\/\/encuentroinformativo.com.mx\/index.php?rest_route=\/wp\/v2\/posts\/36032\/revisions"}],"predecessor-version":[{"id":36034,"href":"https:\/\/encuentroinformativo.com.mx\/index.php?rest_route=\/wp\/v2\/posts\/36032\/revisions\/36034"}],"wp:featuredmedia":[{"embeddable":true,"href":"https:\/\/encuentroinformativo.com.mx\/index.php?rest_route=\/wp\/v2\/media\/36033"}],"wp:attachment":[{"href":"https:\/\/encuentroinformativo.com.mx\/index.php?rest_route=%2Fwp%2Fv2%2Fmedia&parent=36032"}],"wp:term":[{"taxonomy":"category","embeddable":true,"href":"https:\/\/encuentroinformativo.com.mx\/index.php?rest_route=%2Fwp%2Fv2%2Fcategories&post=36032"},{"taxonomy":"post_tag","embeddable":true,"href":"https:\/\/encuentroinformativo.com.mx\/index.php?rest_route=%2Fwp%2Fv2%2Ftags&post=36032"}],"curies":[{"name":"wp","href":"https:\/\/api.w.org\/{rel}","templated":true}]}}