{"id":36038,"date":"2023-01-27T12:01:33","date_gmt":"2023-01-27T18:01:33","guid":{"rendered":"https:\/\/encuentroinformativo.com.mx\/?p=36038"},"modified":"2023-01-27T12:01:36","modified_gmt":"2023-01-27T18:01:36","slug":"valido-ejercicio-de-comparecencias-ramon-diaz","status":"publish","type":"post","link":"https:\/\/encuentroinformativo.com.mx\/?p=36038","title":{"rendered":"V\u00e1lido ejercicio de comparecencias: Ram\u00f3n D\u00edaz"},"content":{"rendered":"\n<p><strong>Israel Garc\u00eda<\/strong><\/p>\n\n\n\n<p>Xalapa, Ver.- El Diputado local del Partido del Trabajo (PT) Ram\u00f3n D\u00edaz \u00c1vila habl\u00f3 de las comparecencias de funcionarios de organismos aut\u00f3nomos que se estan llevando a cabo en el Congreso Local.<\/p>\n\n\n\n<p>En conferencia de prensa ofrecida en conocido caf\u00e9, el legislador se\u00f1al\u00f3 que una de las inquietudes que le han mostrado integrantes del medio es que no existen procesados por casos de homicidios de periodistas. <\/p>\n\n\n\n<p>&#8220;Preguntar hasta donde va cada caso de compa\u00f1eros periodistas&#8230; pero todo repercute en la Fiscal\u00eda General del Estado&#8221;.<\/p>\n\n\n\n<p>Ram\u00f3n D\u00edaz record\u00f3 que en su participaci\u00f3n en la comparecencia de la Fiscal General del Estado Ver\u00f3nica Hern\u00e1ndez, le pregunto como iba el proceso del encarcelamiento a los ex-servidores p\u00fablicos, hay m\u00e1s de de 300 denuncias penales y dicen que solo hay procesados, lo cual es un grave problema para el erario p\u00fablico de Veracruz y no hay regreso de dinero al estado.<\/p>\n\n\n\n<p>Record\u00f3 que tambi\u00e9n se cuestion\u00f3  a la fiscal, el porqu\u00e9 no crean la Fiscal\u00eda especializada para atender los cr\u00edmenes de odio por homofobia, pues dijo que tan solo en el primer mes del a\u00f1o ya van tres cr\u00edmenes.<\/p>\n","protected":false},"excerpt":{"rendered":"<p>Israel Garc\u00eda Xalapa, Ver.- El Diputado local del Partido del Trabajo (PT) Ram\u00f3n D\u00edaz \u00c1vila habl\u00f3 de las comparecencias de funcionarios de organismos aut\u00f3nomos que se estan llevando a cabo en el Congreso Local. En conferencia de prensa ofrecida en conocido caf\u00e9, el legislador se\u00f1al\u00f3 que una de las inquietudes que le han mostrado integrantes [&hellip;]<\/p>\n","protected":false},"author":2476,"featured_media":36039,"comment_status":"open","ping_status":"open","sticky":false,"template":"","format":"standard","meta":{"_jetpack_memberships_contains_paid_content":false,"footnotes":""},"categories":[2],"tags":[],"class_list":["post-36038","post","type-post","status-publish","format-standard","has-post-thumbnail","hentry","category-estado"],"jetpack_featured_media_url":"https:\/\/encuentroinformativo.com.mx\/wp-content\/uploads\/2023\/01\/IMG-20230127-WA0017.jpg","jetpack_sharing_enabled":true,"jetpack_likes_enabled":true,"amp_enabled":true,"_links":{"self":[{"href":"https:\/\/encuentroinformativo.com.mx\/index.php?rest_route=\/wp\/v2\/posts\/36038","targetHints":{"allow":["GET"]}}],"collection":[{"href":"https:\/\/encuentroinformativo.com.mx\/index.php?rest_route=\/wp\/v2\/posts"}],"about":[{"href":"https:\/\/encuentroinformativo.com.mx\/index.php?rest_route=\/wp\/v2\/types\/post"}],"author":[{"embeddable":true,"href":"https:\/\/encuentroinformativo.com.mx\/index.php?rest_route=\/wp\/v2\/users\/2476"}],"replies":[{"embeddable":true,"href":"https:\/\/encuentroinformativo.com.mx\/index.php?rest_route=%2Fwp%2Fv2%2Fcomments&post=36038"}],"version-history":[{"count":1,"href":"https:\/\/encuentroinformativo.com.mx\/index.php?rest_route=\/wp\/v2\/posts\/36038\/revisions"}],"predecessor-version":[{"id":36040,"href":"https:\/\/encuentroinformativo.com.mx\/index.php?rest_route=\/wp\/v2\/posts\/36038\/revisions\/36040"}],"wp:featuredmedia":[{"embeddable":true,"href":"https:\/\/encuentroinformativo.com.mx\/index.php?rest_route=\/wp\/v2\/media\/36039"}],"wp:attachment":[{"href":"https:\/\/encuentroinformativo.com.mx\/index.php?rest_route=%2Fwp%2Fv2%2Fmedia&parent=36038"}],"wp:term":[{"taxonomy":"category","embeddable":true,"href":"https:\/\/encuentroinformativo.com.mx\/index.php?rest_route=%2Fwp%2Fv2%2Fcategories&post=36038"},{"taxonomy":"post_tag","embeddable":true,"href":"https:\/\/encuentroinformativo.com.mx\/index.php?rest_route=%2Fwp%2Fv2%2Ftags&post=36038"}],"curies":[{"name":"wp","href":"https:\/\/api.w.org\/{rel}","templated":true}]}}