{"id":36041,"date":"2023-01-27T12:29:47","date_gmt":"2023-01-27T18:29:47","guid":{"rendered":"https:\/\/encuentroinformativo.com.mx\/?p=36041"},"modified":"2023-01-27T12:29:51","modified_gmt":"2023-01-27T18:29:51","slug":"reclama-setsuv-aumento-salarial","status":"publish","type":"post","link":"https:\/\/encuentroinformativo.com.mx\/?p=36041","title":{"rendered":"Reclama SETSUV aumento salarial"},"content":{"rendered":"\n<p><strong>Israel Garc\u00eda <\/strong><\/p>\n\n\n\n<p>Xalapa, Ver.- Este vienes salieron a manifestarse a Plaza Lerdo, integrantes del Sindicato Estatal de Trabajadores al Servicio de la Universidad Veracruzana (SETSUV).<\/p>\n\n\n\n<p>A decir de Juan Mendoza Guti\u00e9rrez secretario general del sindicato est\u00e1n demandando incremento salarial y debido a que no han obtenido respuesta del rector de la m\u00e1xima Casa de Estudios es que optaron por manifestarse.<\/p>\n\n\n\n<p>&#8220;Estamos solicitando incremento del 20 por ciento a los salarios&#8221;.<\/p>\n\n\n\n<p>Con cartulinas, y lonas los inconformes  escribieron sus consignas.<\/p>\n\n\n\n<figure class=\"wp-block-image size-large\"><img loading=\"lazy\" decoding=\"async\" width=\"1024\" height=\"576\" src=\"https:\/\/encuentroinformativo.com.mx\/wp-content\/uploads\/2023\/01\/IMG-20230127-WA0032-1024x576.jpg\" alt=\"\" class=\"wp-image-36043\" srcset=\"https:\/\/encuentroinformativo.com.mx\/wp-content\/uploads\/2023\/01\/IMG-20230127-WA0032-1024x576.jpg 1024w, https:\/\/encuentroinformativo.com.mx\/wp-content\/uploads\/2023\/01\/IMG-20230127-WA0032-300x169.jpg 300w, https:\/\/encuentroinformativo.com.mx\/wp-content\/uploads\/2023\/01\/IMG-20230127-WA0032-768x432.jpg 768w, https:\/\/encuentroinformativo.com.mx\/wp-content\/uploads\/2023\/01\/IMG-20230127-WA0032.jpg 1280w\" sizes=\"auto, (max-width: 1024px) 100vw, 1024px\" \/><\/figure>\n","protected":false},"excerpt":{"rendered":"<p>Israel Garc\u00eda Xalapa, Ver.- Este vienes salieron a manifestarse a Plaza Lerdo, integrantes del Sindicato Estatal de Trabajadores al Servicio de la Universidad Veracruzana (SETSUV). A decir de Juan Mendoza Guti\u00e9rrez secretario general del sindicato est\u00e1n demandando incremento salarial y debido a que no han obtenido respuesta del rector de la m\u00e1xima Casa de Estudios [&hellip;]<\/p>\n","protected":false},"author":2476,"featured_media":36042,"comment_status":"open","ping_status":"open","sticky":false,"template":"","format":"standard","meta":{"_jetpack_memberships_contains_paid_content":false,"footnotes":""},"categories":[3],"tags":[],"class_list":["post-36041","post","type-post","status-publish","format-standard","has-post-thumbnail","hentry","category-xalapa"],"jetpack_featured_media_url":"https:\/\/encuentroinformativo.com.mx\/wp-content\/uploads\/2023\/01\/IMG-20230127-WA0029.jpg","jetpack_sharing_enabled":true,"jetpack_likes_enabled":true,"amp_enabled":true,"_links":{"self":[{"href":"https:\/\/encuentroinformativo.com.mx\/index.php?rest_route=\/wp\/v2\/posts\/36041","targetHints":{"allow":["GET"]}}],"collection":[{"href":"https:\/\/encuentroinformativo.com.mx\/index.php?rest_route=\/wp\/v2\/posts"}],"about":[{"href":"https:\/\/encuentroinformativo.com.mx\/index.php?rest_route=\/wp\/v2\/types\/post"}],"author":[{"embeddable":true,"href":"https:\/\/encuentroinformativo.com.mx\/index.php?rest_route=\/wp\/v2\/users\/2476"}],"replies":[{"embeddable":true,"href":"https:\/\/encuentroinformativo.com.mx\/index.php?rest_route=%2Fwp%2Fv2%2Fcomments&post=36041"}],"version-history":[{"count":1,"href":"https:\/\/encuentroinformativo.com.mx\/index.php?rest_route=\/wp\/v2\/posts\/36041\/revisions"}],"predecessor-version":[{"id":36044,"href":"https:\/\/encuentroinformativo.com.mx\/index.php?rest_route=\/wp\/v2\/posts\/36041\/revisions\/36044"}],"wp:featuredmedia":[{"embeddable":true,"href":"https:\/\/encuentroinformativo.com.mx\/index.php?rest_route=\/wp\/v2\/media\/36042"}],"wp:attachment":[{"href":"https:\/\/encuentroinformativo.com.mx\/index.php?rest_route=%2Fwp%2Fv2%2Fmedia&parent=36041"}],"wp:term":[{"taxonomy":"category","embeddable":true,"href":"https:\/\/encuentroinformativo.com.mx\/index.php?rest_route=%2Fwp%2Fv2%2Fcategories&post=36041"},{"taxonomy":"post_tag","embeddable":true,"href":"https:\/\/encuentroinformativo.com.mx\/index.php?rest_route=%2Fwp%2Fv2%2Ftags&post=36041"}],"curies":[{"name":"wp","href":"https:\/\/api.w.org\/{rel}","templated":true}]}}