{"id":36052,"date":"2023-01-27T16:27:02","date_gmt":"2023-01-27T22:27:02","guid":{"rendered":"https:\/\/encuentroinformativo.com.mx\/?p=36052"},"modified":"2023-01-27T16:27:06","modified_gmt":"2023-01-27T22:27:06","slug":"ampliaran-carreteras-en-zona-de-puente-nacional","status":"publish","type":"post","link":"https:\/\/encuentroinformativo.com.mx\/?p=36052","title":{"rendered":"Ampliar\u00e1n carreteras en zona de Puente Nacional"},"content":{"rendered":"\n<p><strong>Juan Arcos<\/strong><\/p>\n\n\n\n<p>Xalapa, Ver &#8211; El gobernador de Veracruz, Cuitl\u00e1huac Garc\u00eda Jim\u00e9nez, anunci\u00f3 la construcci\u00f3n de una carretera en el municipio de Puente Nacional, que permitir\u00e1 detonar el turismo en la zona.<\/p>\n\n\n\n<p>Durante la inauguraci\u00f3n de la Subestaci\u00f3n de Guardia Nacional (GN), en la localidad Tamarindo, municipio de Puente Nacional, el mandatario estatal indic\u00f3 que se trata de una obra carretera en apoyo al alcalde Roberto Montiel Montiel.<\/p>\n\n\n\n<p>\u201cVamos a comprometernos con una obra para ayudar al alcalde de Puente Nacional, por la gran labor que est\u00e1 haciendo, desde aqu\u00ed lo anunciamos, me vine por ah\u00ed porque ah\u00ed lo vamos a hacer\u201d, enfatiz\u00f3.<\/p>\n\n\n\n<p>La carretera es de aproximadamente un kil\u00f3metro y medio, y va de la comunidad Tamarindo hasta la cabecera municipal de Puente Nacional.<\/p>\n\n\n\n<p>\u201cEs una carreterita que viene desde Puente Nacional, para por la exhacienda y llega aqu\u00ed a Tamarindo est\u00e1 sencillo, es kil\u00f3metro y medio, est\u00e1 sencillito\u201d, detall\u00f3 Garc\u00eda Jim\u00e9nez.<\/p>\n\n\n\n<p>El titular del Poder Ejecutivo instruy\u00f3 a la Secretar\u00eda de Infraestructura y Obras P\u00fablicas (SIOP) que elabore el proyecto ejecutivo y d\u00e9 seguimiento a los trabajos correspondientes.<\/p>\n\n\n\n<p>\u201cYa estamos con los recursos. Decirle a la gente que nos visite, adem\u00e1s de que ya hay seguridad, pues tenemos ese punto tur\u00edstico en Puente Nacional, que visite el puente, que visite el municipio, que visite la exhacienda\u201d, remat\u00f3.<\/p>\n","protected":false},"excerpt":{"rendered":"<p>Juan Arcos Xalapa, Ver &#8211; El gobernador de Veracruz, Cuitl\u00e1huac Garc\u00eda Jim\u00e9nez, anunci\u00f3 la construcci\u00f3n de una carretera en el municipio de Puente Nacional, que permitir\u00e1 detonar el turismo en la zona. Durante la inauguraci\u00f3n de la Subestaci\u00f3n de Guardia Nacional (GN), en la localidad Tamarindo, municipio de Puente Nacional, el mandatario estatal indic\u00f3 que [&hellip;]<\/p>\n","protected":false},"author":2476,"featured_media":36053,"comment_status":"open","ping_status":"open","sticky":false,"template":"","format":"standard","meta":{"_jetpack_memberships_contains_paid_content":false,"footnotes":""},"categories":[8],"tags":[],"class_list":["post-36052","post","type-post","status-publish","format-standard","has-post-thumbnail","hentry","category-region"],"jetpack_featured_media_url":"https:\/\/encuentroinformativo.com.mx\/wp-content\/uploads\/2023\/01\/Photo_1674857431531.jpg","jetpack_sharing_enabled":true,"jetpack_likes_enabled":true,"amp_enabled":true,"_links":{"self":[{"href":"https:\/\/encuentroinformativo.com.mx\/index.php?rest_route=\/wp\/v2\/posts\/36052","targetHints":{"allow":["GET"]}}],"collection":[{"href":"https:\/\/encuentroinformativo.com.mx\/index.php?rest_route=\/wp\/v2\/posts"}],"about":[{"href":"https:\/\/encuentroinformativo.com.mx\/index.php?rest_route=\/wp\/v2\/types\/post"}],"author":[{"embeddable":true,"href":"https:\/\/encuentroinformativo.com.mx\/index.php?rest_route=\/wp\/v2\/users\/2476"}],"replies":[{"embeddable":true,"href":"https:\/\/encuentroinformativo.com.mx\/index.php?rest_route=%2Fwp%2Fv2%2Fcomments&post=36052"}],"version-history":[{"count":1,"href":"https:\/\/encuentroinformativo.com.mx\/index.php?rest_route=\/wp\/v2\/posts\/36052\/revisions"}],"predecessor-version":[{"id":36054,"href":"https:\/\/encuentroinformativo.com.mx\/index.php?rest_route=\/wp\/v2\/posts\/36052\/revisions\/36054"}],"wp:featuredmedia":[{"embeddable":true,"href":"https:\/\/encuentroinformativo.com.mx\/index.php?rest_route=\/wp\/v2\/media\/36053"}],"wp:attachment":[{"href":"https:\/\/encuentroinformativo.com.mx\/index.php?rest_route=%2Fwp%2Fv2%2Fmedia&parent=36052"}],"wp:term":[{"taxonomy":"category","embeddable":true,"href":"https:\/\/encuentroinformativo.com.mx\/index.php?rest_route=%2Fwp%2Fv2%2Fcategories&post=36052"},{"taxonomy":"post_tag","embeddable":true,"href":"https:\/\/encuentroinformativo.com.mx\/index.php?rest_route=%2Fwp%2Fv2%2Ftags&post=36052"}],"curies":[{"name":"wp","href":"https:\/\/api.w.org\/{rel}","templated":true}]}}