{"id":36055,"date":"2023-01-27T20:00:24","date_gmt":"2023-01-28T02:00:24","guid":{"rendered":"https:\/\/encuentroinformativo.com.mx\/?p=36055"},"modified":"2023-01-27T20:00:28","modified_gmt":"2023-01-28T02:00:28","slug":"autoridades-capturan-a-seis-presuntos-implicados-en-masacre-de-las-bajadas","status":"publish","type":"post","link":"https:\/\/encuentroinformativo.com.mx\/?p=36055","title":{"rendered":"Autoridades capturan a seis presuntos implicados en masacre de Las Bajadas"},"content":{"rendered":"\n<p><strong>Juan Arcos<\/strong><\/p>\n\n\n\n<p>Hasta el momento han sido capturados seis presuntos implicados en la masacre del pasado domingo 22 de enero en la zona de Las Bajas, en el puerto de Veracruz.<\/p>\n\n\n\n<p>La titular de la Fiscal\u00eda General del Estado (FGE), Ver\u00f3nica Hern\u00e1ndez Giad\u00e1ns, inform\u00f3 que los sujetos fueron detenidos en el puerto jarocho por el crimen de seis personas, entre ellas dos menores de edad.<\/p>\n\n\n\n<p>Tras la inauguraci\u00f3n de la Subestaci\u00f3n de Guardia Nacional (GN), en la localidad Tamarindo, municipio de Puente Nacional, la funcionaria confirm\u00f3 que tambi\u00e9n se aseguraron veh\u00edculos durante los operativos implementados en la zona conurbada Veracruz-Boca del R\u00edo.<\/p>\n\n\n\n<p>&#8220;Hasta el momento van seis detenidos. Estamos validando si tienen alguna presunta presentaci\u00f3n de los hechos del domingo y estamos coordinados con fuerzas estatales y federales\u201d, detall\u00f3.<\/p>\n\n\n\n<p>Hace unos d\u00edas, el gobernador Cuitl\u00e1huac Garc\u00eda Jim\u00e9nez confirm\u00f3 que uno de los fallecidos es Fernando P\u00e9rez Vega, alias \u201cEl Pino\u201d, quien hab\u00eda viajado al puerto de Veracruz con su familia para participar en un evento pol\u00edtico del partido Fuerza por M\u00e9xico, instituci\u00f3n por la que fue candidato a la alcald\u00eda de Coxquihui en 2021.<\/p>\n\n\n\n<p>De acuerdo con la versi\u00f3n oficial, el atentado se deriv\u00f3 de un \u201cajuste de cuentas\u201d entre dos c\u00e9lulas criminales encabezadas por el &#8220;El Pino&#8221; y &#8220;El Wacho&#8221;, que adem\u00e1s se relaciona con el ataque a bares de Poza Rica hace unas semanas y la muerte del comandante de la polic\u00eda municipal de Espinal.<\/p>\n\n\n\n<p>Hern\u00e1ndez Giad\u00e1ns enfatiz\u00f3 que no habr\u00e1 impunidad en el caso y que cuentan con avances importantes en las investigaciones para el esclarecimiento del mismo.<\/p>\n\n\n\n<p>&#8220;Desde la Fiscal\u00eda hemos dado ejemplo que no habr\u00e1 impunidad, es una investigaci\u00f3n seria y profesional, pues implica tiempo porque se va validando cada uno de los hechos\u201d, agreg\u00f3.<\/p>\n","protected":false},"excerpt":{"rendered":"<p>Juan Arcos Hasta el momento han sido capturados seis presuntos implicados en la masacre del pasado domingo 22 de enero en la zona de Las Bajas, en el puerto de Veracruz. La titular de la Fiscal\u00eda General del Estado (FGE), Ver\u00f3nica Hern\u00e1ndez Giad\u00e1ns, inform\u00f3 que los sujetos fueron detenidos en el puerto jarocho por el [&hellip;]<\/p>\n","protected":false},"author":2476,"featured_media":36056,"comment_status":"open","ping_status":"open","sticky":false,"template":"","format":"standard","meta":{"_jetpack_memberships_contains_paid_content":false,"footnotes":""},"categories":[2],"tags":[],"class_list":["post-36055","post","type-post","status-publish","format-standard","has-post-thumbnail","hentry","category-estado"],"jetpack_featured_media_url":"https:\/\/encuentroinformativo.com.mx\/wp-content\/uploads\/2023\/01\/IMG_1015.jpg","jetpack_sharing_enabled":true,"jetpack_likes_enabled":true,"amp_enabled":true,"_links":{"self":[{"href":"https:\/\/encuentroinformativo.com.mx\/index.php?rest_route=\/wp\/v2\/posts\/36055","targetHints":{"allow":["GET"]}}],"collection":[{"href":"https:\/\/encuentroinformativo.com.mx\/index.php?rest_route=\/wp\/v2\/posts"}],"about":[{"href":"https:\/\/encuentroinformativo.com.mx\/index.php?rest_route=\/wp\/v2\/types\/post"}],"author":[{"embeddable":true,"href":"https:\/\/encuentroinformativo.com.mx\/index.php?rest_route=\/wp\/v2\/users\/2476"}],"replies":[{"embeddable":true,"href":"https:\/\/encuentroinformativo.com.mx\/index.php?rest_route=%2Fwp%2Fv2%2Fcomments&post=36055"}],"version-history":[{"count":1,"href":"https:\/\/encuentroinformativo.com.mx\/index.php?rest_route=\/wp\/v2\/posts\/36055\/revisions"}],"predecessor-version":[{"id":36057,"href":"https:\/\/encuentroinformativo.com.mx\/index.php?rest_route=\/wp\/v2\/posts\/36055\/revisions\/36057"}],"wp:featuredmedia":[{"embeddable":true,"href":"https:\/\/encuentroinformativo.com.mx\/index.php?rest_route=\/wp\/v2\/media\/36056"}],"wp:attachment":[{"href":"https:\/\/encuentroinformativo.com.mx\/index.php?rest_route=%2Fwp%2Fv2%2Fmedia&parent=36055"}],"wp:term":[{"taxonomy":"category","embeddable":true,"href":"https:\/\/encuentroinformativo.com.mx\/index.php?rest_route=%2Fwp%2Fv2%2Fcategories&post=36055"},{"taxonomy":"post_tag","embeddable":true,"href":"https:\/\/encuentroinformativo.com.mx\/index.php?rest_route=%2Fwp%2Fv2%2Ftags&post=36055"}],"curies":[{"name":"wp","href":"https:\/\/api.w.org\/{rel}","templated":true}]}}