{"id":36074,"date":"2023-01-28T14:20:14","date_gmt":"2023-01-28T20:20:14","guid":{"rendered":"https:\/\/encuentroinformativo.com.mx\/?p=36074"},"modified":"2023-01-28T14:20:17","modified_gmt":"2023-01-28T20:20:17","slug":"entregan-reconocimientos-por-doctorado-en-derecho","status":"publish","type":"post","link":"https:\/\/encuentroinformativo.com.mx\/?p=36074","title":{"rendered":"Entregan reconocimientos por doctorado en Derecho"},"content":{"rendered":"\n<p><strong>Israel Garc\u00eda <\/strong><\/p>\n\n\n\n<p>Xalapa, Ver.- Este fin de semana se llevo a cabo la ceremonia en el Instituto de Investigaci\u00f3n Jur\u00eddica de la Universidad Veracruzana (UV) se realiz\u00f3 la ceremonia protocolaria de entrega a la segunda generaci\u00f3n de reconocimientos, Doctorado en Derecho, de la Universidad Veracruzana.<\/p>\n\n\n\n<p>Uno de los que recibi\u00f3 reconocimiento fue el Notario no. 30 Manuel D\u00edaz Rivera, un paso m\u00e1s en su vida profesional, 33 estudiantes recibieron su reconocimiento de Doctorado en Derecho.<\/p>\n\n\n\n<p>El Notario n\u00famero 30 D\u00edaz Rivera subi\u00f3 al podium antes de tomar la palabra, felicit\u00f3 a todos los graduados.<\/p>\n\n\n\n<p>Las graduaciones no son solo protocolo, son muy importantes porque denotan virtudes como cerrar ciclos, alcanzar metas.<\/p>\n\n\n\n<p>&#8220;Saludo con mucho agrado a los miembros del Presidium integrado por nuestras autoridades que nos distinguen con su presencia, Dr. Abel Rogelio Terrazas, representante de la Dra. Yolanda Francisca Gonzalez Molohua, Directora General del \u00e1rea Acad\u00e9mica de Humanidades, Dr. Arturo Chipuli Castillo, Director del IIJUV., Dra. Petra Armenta Ram\u00edrez, Investigadora y Exdirectora del IIJUV; Dr. Sa\u00fal Cortes Viveros, Coordinador del Doctorado en Derecho, y Dr. Leopoldo Lara Gonz\u00e1lez, padrino de esta segunda generaci\u00f3n del doctorado en derecho&#8221;.<\/p>\n\n\n\n<p>&#8220;Esta generaci\u00f3n ha sido de pasiones,\u00a0 por el estudio y el debate sano de las ideas que solo permite la academia, m\u00e1s all\u00e1 de ideolog\u00edas e intereses, pues como lo dec\u00eda Luther King, para tener enemigos no es necesario declarar una guerra, basta decir lo que se piensa; pero en fin, que la academia lo permite y vaya que lo disfrutamos. Tambi\u00e9n ha sido de reencuentros, as\u00ed coincidimos con excompa\u00f1eros, exalumnos, excolaboradores, etc\u00e9tera, lo que ha sido por dem\u00e1s muy grato. Miren ustedes que estas generaciones en la era del Covid son muy apreciadas por las vicisitudes que acontecieron a lo largo de su actividad acad\u00e9mica, por lo que nuestro esfuerzo tiene un gran m\u00e9rito&#8221;, se\u00f1al\u00f3.<\/p>\n\n\n\n<p>Agradeci\u00f3 a los Catedr\u00e1ticos y Directores de tesis por su acompa\u00f1amiento, ya que dispusieron de sus conocimientos, ciencia y paciencia para compartir con nosotros, m\u00e1s all\u00e1 de los datos t\u00e9cnicos, sus sentimientos jur\u00eddicos, sus ideas y sus anhelos.<\/p>\n\n\n\n<p>El d\u00eda de hoy, somos part\u00edcipes de un evento relevante en el marco de los 50 a\u00f1os de fundado el Instituto de Investigaciones Jur\u00eddicas, ello implica un compromiso m\u00e1s con nuestra Alma Mater. Ser egresado de un posgrado de la UV No menos importante que nuestro posgrado se trata de un Doctorado que pertenece al Padr\u00f3n de Programas de calidad CONACYT.<\/p>\n\n\n\n<figure class=\"wp-block-image size-large\"><img loading=\"lazy\" decoding=\"async\" width=\"1024\" height=\"768\" src=\"https:\/\/encuentroinformativo.com.mx\/wp-content\/uploads\/2023\/01\/IMG-20230128-WA0027-1024x768.jpg\" alt=\"\" class=\"wp-image-36076\" srcset=\"https:\/\/encuentroinformativo.com.mx\/wp-content\/uploads\/2023\/01\/IMG-20230128-WA0027-1024x768.jpg 1024w, https:\/\/encuentroinformativo.com.mx\/wp-content\/uploads\/2023\/01\/IMG-20230128-WA0027-300x225.jpg 300w, https:\/\/encuentroinformativo.com.mx\/wp-content\/uploads\/2023\/01\/IMG-20230128-WA0027-768x576.jpg 768w, https:\/\/encuentroinformativo.com.mx\/wp-content\/uploads\/2023\/01\/IMG-20230128-WA0027.jpg 1040w\" sizes=\"auto, (max-width: 1024px) 100vw, 1024px\" \/><\/figure>\n","protected":false},"excerpt":{"rendered":"<p>Israel Garc\u00eda Xalapa, Ver.- Este fin de semana se llevo a cabo la ceremonia en el Instituto de Investigaci\u00f3n Jur\u00eddica de la Universidad Veracruzana (UV) se realiz\u00f3 la ceremonia protocolaria de entrega a la segunda generaci\u00f3n de reconocimientos, Doctorado en Derecho, de la Universidad Veracruzana. Uno de los que recibi\u00f3 reconocimiento fue el Notario no. [&hellip;]<\/p>\n","protected":false},"author":2476,"featured_media":36075,"comment_status":"open","ping_status":"open","sticky":false,"template":"","format":"standard","meta":{"_jetpack_memberships_contains_paid_content":false,"footnotes":""},"categories":[3],"tags":[],"class_list":["post-36074","post","type-post","status-publish","format-standard","has-post-thumbnail","hentry","category-xalapa"],"jetpack_featured_media_url":"https:\/\/encuentroinformativo.com.mx\/wp-content\/uploads\/2023\/01\/IMG-20230128-WA0029.jpg","jetpack_sharing_enabled":true,"jetpack_likes_enabled":true,"amp_enabled":true,"_links":{"self":[{"href":"https:\/\/encuentroinformativo.com.mx\/index.php?rest_route=\/wp\/v2\/posts\/36074","targetHints":{"allow":["GET"]}}],"collection":[{"href":"https:\/\/encuentroinformativo.com.mx\/index.php?rest_route=\/wp\/v2\/posts"}],"about":[{"href":"https:\/\/encuentroinformativo.com.mx\/index.php?rest_route=\/wp\/v2\/types\/post"}],"author":[{"embeddable":true,"href":"https:\/\/encuentroinformativo.com.mx\/index.php?rest_route=\/wp\/v2\/users\/2476"}],"replies":[{"embeddable":true,"href":"https:\/\/encuentroinformativo.com.mx\/index.php?rest_route=%2Fwp%2Fv2%2Fcomments&post=36074"}],"version-history":[{"count":1,"href":"https:\/\/encuentroinformativo.com.mx\/index.php?rest_route=\/wp\/v2\/posts\/36074\/revisions"}],"predecessor-version":[{"id":36077,"href":"https:\/\/encuentroinformativo.com.mx\/index.php?rest_route=\/wp\/v2\/posts\/36074\/revisions\/36077"}],"wp:featuredmedia":[{"embeddable":true,"href":"https:\/\/encuentroinformativo.com.mx\/index.php?rest_route=\/wp\/v2\/media\/36075"}],"wp:attachment":[{"href":"https:\/\/encuentroinformativo.com.mx\/index.php?rest_route=%2Fwp%2Fv2%2Fmedia&parent=36074"}],"wp:term":[{"taxonomy":"category","embeddable":true,"href":"https:\/\/encuentroinformativo.com.mx\/index.php?rest_route=%2Fwp%2Fv2%2Fcategories&post=36074"},{"taxonomy":"post_tag","embeddable":true,"href":"https:\/\/encuentroinformativo.com.mx\/index.php?rest_route=%2Fwp%2Fv2%2Ftags&post=36074"}],"curies":[{"name":"wp","href":"https:\/\/api.w.org\/{rel}","templated":true}]}}