{"id":3608,"date":"2020-06-24T18:06:41","date_gmt":"2020-06-24T23:06:41","guid":{"rendered":"https:\/\/encuentroinformativo.com\/?p=3608"},"modified":"2020-06-24T18:06:43","modified_gmt":"2020-06-24T23:06:43","slug":"investiga-diocesis-de-coatza-presuntos-abusos-de-sacerdote","status":"publish","type":"post","link":"https:\/\/encuentroinformativo.com.mx\/?p=3608","title":{"rendered":"Investiga di\u00f3cesis de Coatza presuntos abusos de sacerdote"},"content":{"rendered":"\n<p><strong>Dar\u00edo Pale <\/strong><\/p>\n\n\n\n<p>Xalapa, Ver.- La Di\u00f3cesis de Coatzacoalcos inici\u00f3 una investigaci\u00f3n en contra de un sacerdote de la Di\u00f3cesis acusado de haber cometido un probable delito de abuso sexual en contra de una persona menor de edad.<\/p>\n\n\n\n<p>Un documento firmado por L\u00e1zaro de Jes\u00fas Caraveo Carrera, coordinador diocesano de medios de comunicaci\u00f3n, informa que ayer 23 de junio fue presentada ante el se\u00f1or obispo de Coatzacoalcos, Rutilo Mu\u00f1oz Zamora, la denuncia de un probable delito de abuso sexual cometido por un sacerdote de esa di\u00f3cesis en contra de una persona menor de edad.<\/p>\n\n\n\n<p>\u201cSe manifest\u00f3 a la familia del menor que se va a iniciar de inmediato el proceso de investigaci\u00f3n que realiza la iglesia para estos casos para esclarecer los hechos y se pueda proceder con veracidad y justicia. Tambi\u00e9n se ha reafirmado el compromiso de atenci\u00f3n y ayuda al menor y su familia para que se puedan sanar las heridas causadas por este hecho\u201d, refiere el comunicado.<\/p>\n\n\n\n<p>Tambi\u00e9n se informa que igualmente se estar\u00e1 colaborando en lo que fuera necesario con la autoridad en el \u00e1mbito penal para que se haga un proceso justo.<\/p>\n\n\n\n<p>\u201cQue el Se\u00f1or Jes\u00fas nos renueve y fortalezca en la gran tarea de velar por la salud integral de nuestras familias, especialmente de los ni\u00f1os y adolescentes\u201d, finaliza el comunicado.<\/p>\n\n\n\n<p><\/p>\n","protected":false},"excerpt":{"rendered":"<p>Dar\u00edo Pale Xalapa, Ver.- La Di\u00f3cesis de Coatzacoalcos inici\u00f3 una investigaci\u00f3n en contra de un sacerdote de la Di\u00f3cesis acusado de haber cometido un probable delito de abuso sexual en contra de una persona menor de edad. Un documento firmado por L\u00e1zaro de Jes\u00fas Caraveo Carrera, coordinador diocesano de medios de comunicaci\u00f3n, informa que ayer [&hellip;]<\/p>\n","protected":false},"author":1,"featured_media":3607,"comment_status":"open","ping_status":"open","sticky":false,"template":"","format":"standard","meta":{"_jetpack_memberships_contains_paid_content":false,"footnotes":""},"categories":[2],"tags":[],"class_list":["post-3608","post","type-post","status-publish","format-standard","has-post-thumbnail","hentry","category-estado"],"jetpack_featured_media_url":"https:\/\/encuentroinformativo.com.mx\/wp-content\/uploads\/2020\/06\/06F7463B-6015-4C51-A79A-61A4D8B68572.jpeg","jetpack_sharing_enabled":true,"jetpack_likes_enabled":true,"amp_enabled":true,"_links":{"self":[{"href":"https:\/\/encuentroinformativo.com.mx\/index.php?rest_route=\/wp\/v2\/posts\/3608","targetHints":{"allow":["GET"]}}],"collection":[{"href":"https:\/\/encuentroinformativo.com.mx\/index.php?rest_route=\/wp\/v2\/posts"}],"about":[{"href":"https:\/\/encuentroinformativo.com.mx\/index.php?rest_route=\/wp\/v2\/types\/post"}],"author":[{"embeddable":true,"href":"https:\/\/encuentroinformativo.com.mx\/index.php?rest_route=\/wp\/v2\/users\/1"}],"replies":[{"embeddable":true,"href":"https:\/\/encuentroinformativo.com.mx\/index.php?rest_route=%2Fwp%2Fv2%2Fcomments&post=3608"}],"version-history":[{"count":1,"href":"https:\/\/encuentroinformativo.com.mx\/index.php?rest_route=\/wp\/v2\/posts\/3608\/revisions"}],"predecessor-version":[{"id":3609,"href":"https:\/\/encuentroinformativo.com.mx\/index.php?rest_route=\/wp\/v2\/posts\/3608\/revisions\/3609"}],"wp:featuredmedia":[{"embeddable":true,"href":"https:\/\/encuentroinformativo.com.mx\/index.php?rest_route=\/wp\/v2\/media\/3607"}],"wp:attachment":[{"href":"https:\/\/encuentroinformativo.com.mx\/index.php?rest_route=%2Fwp%2Fv2%2Fmedia&parent=3608"}],"wp:term":[{"taxonomy":"category","embeddable":true,"href":"https:\/\/encuentroinformativo.com.mx\/index.php?rest_route=%2Fwp%2Fv2%2Fcategories&post=3608"},{"taxonomy":"post_tag","embeddable":true,"href":"https:\/\/encuentroinformativo.com.mx\/index.php?rest_route=%2Fwp%2Fv2%2Ftags&post=3608"}],"curies":[{"name":"wp","href":"https:\/\/api.w.org\/{rel}","templated":true}]}}