{"id":36088,"date":"2023-01-28T13:26:21","date_gmt":"2023-01-28T19:26:21","guid":{"rendered":"https:\/\/encuentroinformativo.com.mx\/?p=36088"},"modified":"2023-01-29T19:34:37","modified_gmt":"2023-01-30T01:34:37","slug":"recibe-dario-pale-reconocimiento-mexico-en-tus-manos","status":"publish","type":"post","link":"https:\/\/encuentroinformativo.com.mx\/?p=36088","title":{"rendered":"Recibe Dar\u00edo Pale reconocimiento &#8220;M\u00e9xico en tus manos&#8221;"},"content":{"rendered":"\n<p>Xalapa, Ver.- Este s\u00e1bado, se realizar\u00e1 la entrega del reconocimiento \u201cM\u00e9xico en tus manos\u201d, al periodista \u00a0Jos\u00e9 Dar\u00edo Pale Mart\u00ednez en punto de las cinco de la tarde, en las instalaciones del IMAC Xalapa.<\/p>\n\n\n\n<p>En este sentido Dar\u00edo Pale, indic\u00f3 que es una gran satisfacci\u00f3n el que se reconozca el trabajo hecho, adem\u00e1s de que es un gran compromiso.<\/p>\n\n\n\n<p>\u201cEs una satisfacci\u00f3n muy grande, que te reconozcan el trabajo que has hecho todo este tiempo, y a la vez es un compromiso muy grande, porque tienes que seguir adelante, seguir apoyando, seguir trabajando, esto no es solo recibir el premio y ya se acab\u00f3, hay que seguir adelante, ver lo que viene, los compromisos que viene\u201d.<\/p>\n\n\n\n<p>Asimismo asegur\u00f3 que \u00e9l s\u00f3lo hace su trabajo y con mucho gusto, por lo que, quienes lo han felicitado dici\u00e9ndole que lo merece, lo agradece, pero insiste en que \u00e9l s\u00f3lo hace su trabajo.<br>Adem\u00e1s asegur\u00f3 que hay muchos compa\u00f1eros periodistas que ya no se encuentran entre ellos, pero que tambi\u00e9n deber\u00edan ser reconocidos por su trabajo y trayectoria.<\/p>\n\n\n\n<p>Por su parte el Doctor Arnulfo Reyes, agradeci\u00f3 la amistad otorgada por el periodista y reconoci\u00f3 y felicit\u00f3 por su gran trabajo period\u00edstico.<\/p>\n\n\n\n<p>Finalmente coment\u00f3: \u201c\u00c9chale ganas porque este es un compromiso con la sociedad y con la fraternidad, te agradezco que hayas aceptado ser reconocido y a seguir adelante\u201d.<\/p>\n","protected":false},"excerpt":{"rendered":"<p>Xalapa, Ver.- Este s\u00e1bado, se realizar\u00e1 la entrega del reconocimiento \u201cM\u00e9xico en tus manos\u201d, al periodista \u00a0Jos\u00e9 Dar\u00edo Pale Mart\u00ednez en punto de las cinco de la tarde, en las instalaciones del IMAC Xalapa. En este sentido Dar\u00edo Pale, indic\u00f3 que es una gran satisfacci\u00f3n el que se reconozca el trabajo hecho, adem\u00e1s de que [&hellip;]<\/p>\n","protected":false},"author":2476,"featured_media":36089,"comment_status":"open","ping_status":"open","sticky":false,"template":"","format":"standard","meta":{"_jetpack_memberships_contains_paid_content":false,"footnotes":""},"categories":[3],"tags":[],"class_list":["post-36088","post","type-post","status-publish","format-standard","has-post-thumbnail","hentry","category-xalapa"],"jetpack_featured_media_url":"https:\/\/encuentroinformativo.com.mx\/wp-content\/uploads\/2023\/01\/IMG-20230128-WA00732.jpg","jetpack_sharing_enabled":true,"jetpack_likes_enabled":true,"amp_enabled":true,"_links":{"self":[{"href":"https:\/\/encuentroinformativo.com.mx\/index.php?rest_route=\/wp\/v2\/posts\/36088","targetHints":{"allow":["GET"]}}],"collection":[{"href":"https:\/\/encuentroinformativo.com.mx\/index.php?rest_route=\/wp\/v2\/posts"}],"about":[{"href":"https:\/\/encuentroinformativo.com.mx\/index.php?rest_route=\/wp\/v2\/types\/post"}],"author":[{"embeddable":true,"href":"https:\/\/encuentroinformativo.com.mx\/index.php?rest_route=\/wp\/v2\/users\/2476"}],"replies":[{"embeddable":true,"href":"https:\/\/encuentroinformativo.com.mx\/index.php?rest_route=%2Fwp%2Fv2%2Fcomments&post=36088"}],"version-history":[{"count":1,"href":"https:\/\/encuentroinformativo.com.mx\/index.php?rest_route=\/wp\/v2\/posts\/36088\/revisions"}],"predecessor-version":[{"id":36091,"href":"https:\/\/encuentroinformativo.com.mx\/index.php?rest_route=\/wp\/v2\/posts\/36088\/revisions\/36091"}],"wp:featuredmedia":[{"embeddable":true,"href":"https:\/\/encuentroinformativo.com.mx\/index.php?rest_route=\/wp\/v2\/media\/36089"}],"wp:attachment":[{"href":"https:\/\/encuentroinformativo.com.mx\/index.php?rest_route=%2Fwp%2Fv2%2Fmedia&parent=36088"}],"wp:term":[{"taxonomy":"category","embeddable":true,"href":"https:\/\/encuentroinformativo.com.mx\/index.php?rest_route=%2Fwp%2Fv2%2Fcategories&post=36088"},{"taxonomy":"post_tag","embeddable":true,"href":"https:\/\/encuentroinformativo.com.mx\/index.php?rest_route=%2Fwp%2Fv2%2Ftags&post=36088"}],"curies":[{"name":"wp","href":"https:\/\/api.w.org\/{rel}","templated":true}]}}