{"id":36092,"date":"2023-01-30T09:27:15","date_gmt":"2023-01-30T15:27:15","guid":{"rendered":"https:\/\/encuentroinformativo.com.mx\/?p=36092"},"modified":"2023-01-30T09:27:19","modified_gmt":"2023-01-30T15:27:19","slug":"solicitan-a-autoridades-agilizar-busqueda-de-menor-desaparecido-en-acatlan","status":"publish","type":"post","link":"https:\/\/encuentroinformativo.com.mx\/?p=36092","title":{"rendered":"Solicitan a autoridades agilizar b\u00fasqueda de menor desaparecido en Acatl\u00e1n"},"content":{"rendered":"\n<p><strong>Juan Arcos <\/strong><\/p>\n\n\n\n<p>Xalapa, Ver.- Aldahir Alejandro G\u00f3mez Reyes, de 16 a\u00f1os, desapareci\u00f3 el pasado 21 de enero en el municipio de Acatl\u00e1n, ubicado en la regi\u00f3n monta\u00f1osa central del estado de Veracruz. Sus familiares temen que haya sido v\u00edctima de un delito.<\/p>\n\n\n\n<p>Su madre Flor Alejandra G\u00f3mez Reyes, vecina de dicho municipio, dio conferencia de prensa en la zona centro de esta ciudad de Xalapa para solicitar a las autoridades que localicen a su menor hijo.<\/p>\n\n\n\n<p>\u201cHoy estoy ante ustedes para solicitarles de una manera respetuosa y humilde que me ayuden a dar difusi\u00f3n para que mi menor hijo , de tan solo 16 a\u00f1os de edad pueda ser localizado con bien ya que se teme que su integridad o su vida pueda estar en peligro\u201d, expres\u00f3.<\/p>\n\n\n\n<p>La mujer mencion\u00f3 que desde hace nueve d\u00edas se desconoce el paradero de su hijo y que se perdi\u00f3 toda comunicaci\u00f3n con \u00e9l, algo que no se hab\u00eda dado anteriormente.<\/p>\n\n\n\n<p>La Comisi\u00f3n Estatal de B\u00fasqueda emiti\u00f3 la ficha con las se\u00f1as particulares de Aldahir, pero hasta el momento nadie ha aportado informaci\u00f3n para localizarlo.<\/p>\n\n\n\n<p>El menor naci\u00f3 el 3 de noviembre de 2006, mide un metro con 70 cent\u00edmetros, tiene ojos color caf\u00e9 oscuro, piel morena clara y cabello, negro, lacio y corto. Adem\u00e1s, destaca una cicatriz en el lado izquierdo de su rostro.<\/p>\n\n\n\n<p>Su mam\u00e1 pidi\u00f3 al gobernador Cuitl\u00e1huac Garc\u00eda Jim\u00e9nez y a la titular de la Fiscal\u00eda General del Estado (FGE), Ver\u00f3nica Hern\u00e1ndez Giad\u00e1ns, que se sumen esfuerzos para encontrar a su hijo.<\/p>\n\n\n\n<p>\u201cYo solo soy una madre que les les pide con el coraz\u00f3n en la mano me ayuden a encontrar a mi hijo, por favor. Somos gente de trabajo, gente humilde que va al d\u00eda y esto nos rebasa. Es una desesperaci\u00f3n enorme la que vivo\u201d, enfatiz\u00f3.<br>Tambi\u00e9n solicit\u00f3 a la poblaci\u00f3n en general que aporte informaci\u00f3n que contribuya a encontrar a su hijo, pues est\u00e1 desesperada y teme por su vida.<\/p>\n\n\n\n<figure class=\"wp-block-image size-large\"><img loading=\"lazy\" decoding=\"async\" width=\"960\" height=\"960\" src=\"https:\/\/encuentroinformativo.com.mx\/wp-content\/uploads\/2023\/01\/IMG_1170.jpg\" alt=\"\" class=\"wp-image-36093\" srcset=\"https:\/\/encuentroinformativo.com.mx\/wp-content\/uploads\/2023\/01\/IMG_1170.jpg 960w, https:\/\/encuentroinformativo.com.mx\/wp-content\/uploads\/2023\/01\/IMG_1170-300x300.jpg 300w, https:\/\/encuentroinformativo.com.mx\/wp-content\/uploads\/2023\/01\/IMG_1170-150x150.jpg 150w, https:\/\/encuentroinformativo.com.mx\/wp-content\/uploads\/2023\/01\/IMG_1170-768x768.jpg 768w\" sizes=\"auto, (max-width: 960px) 100vw, 960px\" \/><\/figure>\n","protected":false},"excerpt":{"rendered":"<p>Juan Arcos Xalapa, Ver.- Aldahir Alejandro G\u00f3mez Reyes, de 16 a\u00f1os, desapareci\u00f3 el pasado 21 de enero en el municipio de Acatl\u00e1n, ubicado en la regi\u00f3n monta\u00f1osa central del estado de Veracruz. Sus familiares temen que haya sido v\u00edctima de un delito. Su madre Flor Alejandra G\u00f3mez Reyes, vecina de dicho municipio, dio conferencia de [&hellip;]<\/p>\n","protected":false},"author":2476,"featured_media":36093,"comment_status":"open","ping_status":"open","sticky":false,"template":"","format":"standard","meta":{"_jetpack_memberships_contains_paid_content":false,"footnotes":""},"categories":[2],"tags":[],"class_list":["post-36092","post","type-post","status-publish","format-standard","has-post-thumbnail","hentry","category-estado"],"jetpack_featured_media_url":"https:\/\/encuentroinformativo.com.mx\/wp-content\/uploads\/2023\/01\/IMG_1170.jpg","jetpack_sharing_enabled":true,"jetpack_likes_enabled":true,"amp_enabled":true,"_links":{"self":[{"href":"https:\/\/encuentroinformativo.com.mx\/index.php?rest_route=\/wp\/v2\/posts\/36092","targetHints":{"allow":["GET"]}}],"collection":[{"href":"https:\/\/encuentroinformativo.com.mx\/index.php?rest_route=\/wp\/v2\/posts"}],"about":[{"href":"https:\/\/encuentroinformativo.com.mx\/index.php?rest_route=\/wp\/v2\/types\/post"}],"author":[{"embeddable":true,"href":"https:\/\/encuentroinformativo.com.mx\/index.php?rest_route=\/wp\/v2\/users\/2476"}],"replies":[{"embeddable":true,"href":"https:\/\/encuentroinformativo.com.mx\/index.php?rest_route=%2Fwp%2Fv2%2Fcomments&post=36092"}],"version-history":[{"count":1,"href":"https:\/\/encuentroinformativo.com.mx\/index.php?rest_route=\/wp\/v2\/posts\/36092\/revisions"}],"predecessor-version":[{"id":36094,"href":"https:\/\/encuentroinformativo.com.mx\/index.php?rest_route=\/wp\/v2\/posts\/36092\/revisions\/36094"}],"wp:featuredmedia":[{"embeddable":true,"href":"https:\/\/encuentroinformativo.com.mx\/index.php?rest_route=\/wp\/v2\/media\/36093"}],"wp:attachment":[{"href":"https:\/\/encuentroinformativo.com.mx\/index.php?rest_route=%2Fwp%2Fv2%2Fmedia&parent=36092"}],"wp:term":[{"taxonomy":"category","embeddable":true,"href":"https:\/\/encuentroinformativo.com.mx\/index.php?rest_route=%2Fwp%2Fv2%2Fcategories&post=36092"},{"taxonomy":"post_tag","embeddable":true,"href":"https:\/\/encuentroinformativo.com.mx\/index.php?rest_route=%2Fwp%2Fv2%2Ftags&post=36092"}],"curies":[{"name":"wp","href":"https:\/\/api.w.org\/{rel}","templated":true}]}}