{"id":3610,"date":"2020-06-25T11:59:20","date_gmt":"2020-06-25T16:59:20","guid":{"rendered":"https:\/\/encuentroinformativo.com\/?p=3610"},"modified":"2020-06-25T11:59:23","modified_gmt":"2020-06-25T16:59:23","slug":"tonito-y-la-escuela","status":"publish","type":"post","link":"https:\/\/encuentroinformativo.com.mx\/?p=3610","title":{"rendered":"To\u00f1ito y la escuela"},"content":{"rendered":"\n<p><strong>Los Pol\u00edticos<\/strong><\/p>\n\n\n\n<p><strong>Salvador Mu\u00f1oz<\/strong><br><\/p>\n\n\n\n<p>\u00bfPueden los ni\u00f1os y adolescentes extra\u00f1ar la escuela en estos tiempos de pandemia? Los compa\u00f1eros, la ni\u00f1a o el chico que le gusta, el ambiente, quiz\u00e1s sean los ingredientes perfectos para a\u00f1orarla\u2026 aunque tambi\u00e9n puede estar el hecho de que la escuela sea esa v\u00e1lvula de escape que permit\u00eda a la ni\u00f1a, ni\u00f1o, al joven o a la chica, alejarse de una realidad en su casa lejana al \u201cHogar Dulce Hogar\u201d y m\u00e1s cercana al infierno en vida.<\/p>\n\n\n\n<p>Escucho a diputados el pasado lunes, demandar no s\u00f3lo todo el peso de la Ley, sino el incremento a las penas a quienes atenten contra ni\u00f1os en casos de maltrato infantil y pederastia, todo ello en torno a la tragedia que envolvi\u00f3 a To\u00f1ito, all\u00e1 en Acayucan, donde de acuerdo a los vecinos, sufr\u00eda maltrato por parte de su padrastro, a quien se responsabiliza de su muerte y de agresi\u00f3n sexual\u2026<\/p>\n\n\n\n<p>Es curioso, pero tuvo que ocurrir la muerte del peque\u00f1o, para que las voces de los vecinos entonces dieran santo y se\u00f1a de la \u201cvida\u201d de To\u00f1ito\u2026 \u00bfa d\u00f3nde voy? A se\u00f1alar que si bien, el Padrastro de To\u00f1ito es su infanticida, de cierto modo hay una complicidad indirecta por cada uno de esos vecinos que sab\u00eda del infierno del ni\u00f1o y que con su silencio, igual lo mat\u00f3.<\/p>\n\n\n\n<p>De acuerdo a notas relacionadas con esta tragedia, To\u00f1ito dej\u00f3 de asistir a la escuela donde cursaba el cuarto grado\u2026<\/p>\n\n\n\n<p>II<\/p>\n\n\n\n<p>Hace un a\u00f1o, a principios de junio, la LXV Legislatura del Congreso del Estado aprobaba la reforma al art\u00edculo 18 de la Ley de Educaci\u00f3n, presentada por la diputada Kristel Hern\u00e1ndez Topete, para que los maestros pudieran denunciar casos de maltrato infantil. \u201cEn caso de que las autoridades de educaci\u00f3n tengan conocimiento de que alg\u00fan educando sea v\u00edctima del maltrato infantil o de cualquier delito que ponga en riesgo su vida e integridad f\u00edsica o psicol\u00f3gica, deber\u00e1n de inmediato hacerlo del conocimiento de la Procuradur\u00eda de Protecci\u00f3n de Ni\u00f1as, Ni\u00f1os y Adolescentes, de conformidad en el protocolo de actuaci\u00f3n de la Secretar\u00eda de Educaci\u00f3n. De igual forma, cuando noten la prolongada o reiterada ausencia de un estudiante, deber\u00e1 notificarlo, con la finalidad de descartar o detectar posibles situaciones de maltrato infantil\u201d.<\/p>\n\n\n\n<p>Desconozco desde cu\u00e1ndo To\u00f1ito dej\u00f3 de acudir a la escuela, si nos atenemos a lo dicho por las notas period\u00edsticas, pero ya fuera al inicio del ciclo escolar o en el trance de la cuarentena extendida, supongo que se debi\u00f3 notar su ausencia\u2026<\/p>\n\n\n\n<p>III<\/p>\n\n\n\n<p>En el patio de la escuela, alguien recogi\u00f3 una bala\u2026 s\u00ed, \u00a1una bala! La llev\u00f3 a la directora quien de inmediato, empez\u00f3 a recorrer los salones preguntando si alguien hab\u00eda extraviado \u201cesto\u201d&#8230; hablamos de un Jard\u00edn de Ni\u00f1os. Al fin, una peque\u00f1ita alz\u00f3 la mano y se dijo propietaria. Le preguntaron de d\u00f3nde la hab\u00eda sacado y su respuesta fue un \u201cde mi casa\u2026 en mi casa hay muchas de \u00e9sas\u201d&#8230;<\/p>\n\n\n\n<p>S\u00ed, ahora, los maestros no s\u00f3lo son capaces de encontrarse escenarios terribles de maltrato y abuso infantil, sino otro peor: ni\u00f1os en casa donde es posible que sus tutores participen en el crimen organizado\u2026<\/p>\n\n\n\n<p>Es posible que la secretar\u00eda de Educaci\u00f3n tenga los protocolos a seguir cuando se detecta un caso de maltrato o abuso, as\u00ed como ausencia prolongada del alumno\u2026 \u00bfpero se est\u00e1 preparado para atender un caso donde un padre o madre evidencie nexos con la delincuencia? No lo s\u00e9\u2026 como tampoco s\u00e9 si el maestro o la maestra de To\u00f1ito haya actuado cuando vio que dej\u00f3 de ir o que no participaba de ning\u00fan modo durante la pandemia, porque si actu\u00f3, en alg\u00fan lado se rompi\u00f3 el eslab\u00f3n que pudo darle otro matiz a la situaci\u00f3n de To\u00f1ito como a la de sus hermanos\u2026 y si&nbsp; no actu\u00f3 el maestro, para qu\u00e9 chingados est\u00e1n las leyes\u2026<\/p>\n\n\n\n<p>Volteemos a ver a nuestros ni\u00f1os vecinos, podemos cambiar su sino\u2026 maestros, mantengan la vista en sus alumnos, a\u00fan en esta pandemia\u2026 a veces, la escuela puede ser el refugio que a\u00f1oran y que hoy, la cuarentena extendida, se los ha arrebatado\u2026<br><\/p>\n\n\n\n<p><a href=\"mailto:smcainito@gmail.com\" target=\"_blank\" rel=\"noreferrer noopener\">smcainito@gmail.com<\/a><\/p>\n\n\n\n<p><\/p>\n","protected":false},"excerpt":{"rendered":"<p>Los Pol\u00edticos Salvador Mu\u00f1oz \u00bfPueden los ni\u00f1os y adolescentes extra\u00f1ar la escuela en estos tiempos de pandemia? Los compa\u00f1eros, la ni\u00f1a o el chico que le gusta, el ambiente, quiz\u00e1s sean los ingredientes perfectos para a\u00f1orarla\u2026 aunque tambi\u00e9n puede estar el hecho de que la escuela sea esa v\u00e1lvula de escape que permit\u00eda a la [&hellip;]<\/p>\n","protected":false},"author":1,"featured_media":387,"comment_status":"open","ping_status":"open","sticky":false,"template":"","format":"standard","meta":{"_jetpack_memberships_contains_paid_content":false,"footnotes":""},"categories":[11],"tags":[],"class_list":["post-3610","post","type-post","status-publish","format-standard","has-post-thumbnail","hentry","category-opinion"],"jetpack_featured_media_url":"https:\/\/encuentroinformativo.com.mx\/wp-content\/uploads\/2020\/03\/7CF8A22B-2764-47BE-8F7F-38FE9E5D6A2F.jpeg","jetpack_sharing_enabled":true,"jetpack_likes_enabled":true,"amp_enabled":true,"_links":{"self":[{"href":"https:\/\/encuentroinformativo.com.mx\/index.php?rest_route=\/wp\/v2\/posts\/3610","targetHints":{"allow":["GET"]}}],"collection":[{"href":"https:\/\/encuentroinformativo.com.mx\/index.php?rest_route=\/wp\/v2\/posts"}],"about":[{"href":"https:\/\/encuentroinformativo.com.mx\/index.php?rest_route=\/wp\/v2\/types\/post"}],"author":[{"embeddable":true,"href":"https:\/\/encuentroinformativo.com.mx\/index.php?rest_route=\/wp\/v2\/users\/1"}],"replies":[{"embeddable":true,"href":"https:\/\/encuentroinformativo.com.mx\/index.php?rest_route=%2Fwp%2Fv2%2Fcomments&post=3610"}],"version-history":[{"count":1,"href":"https:\/\/encuentroinformativo.com.mx\/index.php?rest_route=\/wp\/v2\/posts\/3610\/revisions"}],"predecessor-version":[{"id":3611,"href":"https:\/\/encuentroinformativo.com.mx\/index.php?rest_route=\/wp\/v2\/posts\/3610\/revisions\/3611"}],"wp:featuredmedia":[{"embeddable":true,"href":"https:\/\/encuentroinformativo.com.mx\/index.php?rest_route=\/wp\/v2\/media\/387"}],"wp:attachment":[{"href":"https:\/\/encuentroinformativo.com.mx\/index.php?rest_route=%2Fwp%2Fv2%2Fmedia&parent=3610"}],"wp:term":[{"taxonomy":"category","embeddable":true,"href":"https:\/\/encuentroinformativo.com.mx\/index.php?rest_route=%2Fwp%2Fv2%2Fcategories&post=3610"},{"taxonomy":"post_tag","embeddable":true,"href":"https:\/\/encuentroinformativo.com.mx\/index.php?rest_route=%2Fwp%2Fv2%2Ftags&post=3610"}],"curies":[{"name":"wp","href":"https:\/\/api.w.org\/{rel}","templated":true}]}}