{"id":36103,"date":"2023-01-30T12:27:37","date_gmt":"2023-01-30T18:27:37","guid":{"rendered":"https:\/\/encuentroinformativo.com.mx\/?p=36103"},"modified":"2023-01-30T12:27:41","modified_gmt":"2023-01-30T18:27:41","slug":"de-manera-simbolica-feminista-renombra-calles-de-xalapa","status":"publish","type":"post","link":"https:\/\/encuentroinformativo.com.mx\/?p=36103","title":{"rendered":"De manera simb\u00f3lica, feminista renombra calles de Xalapa"},"content":{"rendered":"\n<p><strong>Juan Arcos<\/strong><\/p>\n\n\n\n<p>Xalapa, Ver.- La feminista Wendy L\u00f3pez Hern\u00e1ndez inici\u00f3 una campa\u00f1a para cambiar honor\u00edficamente el nombre de algunas calles en esta ciudad de Xalapa, con el objetivo de revalorizar a las mujeres que hist\u00f3ricamente han destacado en distintos \u00e1mbitos o han sido v\u00edctimas de la violencia machista.<\/p>\n\n\n\n<p>La activista peg\u00f3 una placa de acr\u00edlico sobre la calle Xalape\u00f1os Ilustres, esquina Felipe Carrillo Puerto, en el centro hist\u00f3rico de esta capital, para renombrarla como Xalape\u00f1as Ilustres.<\/p>\n\n\n\n<p>\u201cEn la lucha feminista siempre hemos estado ocultas a trav\u00e9s de la historia, el chiste es visibilizarnos, nombrarnos, el saber que somos parte de esta ciudad, que Xalapa es nuestra y empezar a nombrarnos, esto comienza con hablarnos con \u2018a\u2019, siempre hemos estado agrupadas en la \u2018o\u2019, en ustedes, en nosotros, tambi\u00e9n hay xalape\u00f1as ilustres\u201d, enfatiz\u00f3.<\/p>\n\n\n\n<p>Posteriormente, se traslad\u00f3 a la calle Maestros Veracruzanos, para colocar una nueva placa con el nombre \u201cMaestras Veracruzanas\u201d, pues tambi\u00e9n hay mujeres que han dejado un legado hist\u00f3rico como la escritora Mar\u00eda Enriqueta Camarillo.<\/p>\n\n\n\n<p>Wendy L\u00f3pez invit\u00f3 a todas las mujeres xalape\u00f1as a que se sumen a la campa\u00f1a para renombrar calles, colonias o cualquier sitio donde no se sientan identificadas.<\/p>\n\n\n\n<p>Tambi\u00e9n destac\u00f3 que en las calles seleccionadas podr\u00edan colocar los nombres de las que han sido v\u00edctimas de una desaparici\u00f3n forzada o feminicidio.<\/p>\n\n\n\n<p>\u201cVamos a invitar a que en Xalape\u00f1as Ilustres pongamos los nombres de las mujeres desaparecidas para no olvidarlas, que es parte de eso tambi\u00e9n, son xalape\u00f1as que tambi\u00e9n las seguimos buscando o que ya no est\u00e1n\u201d, expres\u00f3.<\/p>\n\n\n\n<p>La feminista neg\u00f3 que se haya solicitado un permiso al ayuntamiento de Xalapa para renombrar las calles, pues se trata de una protesta simb\u00f3lica para visibilizar a las mujeres.<\/p>\n\n\n\n<p>Se\u00f1al\u00f3 que los feminicidios y desapariciones de mujeres contin\u00faan registr\u00e1ndose en la capital del estado y esta manifestaci\u00f3n tambi\u00e9n busca que la poblaci\u00f3n conozca la problem\u00e1tica y se sensibilice.<\/p>\n\n\n\n<figure class=\"wp-block-image size-large\"><img loading=\"lazy\" decoding=\"async\" width=\"1024\" height=\"768\" src=\"https:\/\/encuentroinformativo.com.mx\/wp-content\/uploads\/2023\/01\/IMG_1194-1024x768.jpg\" alt=\"\" class=\"wp-image-36105\" srcset=\"https:\/\/encuentroinformativo.com.mx\/wp-content\/uploads\/2023\/01\/IMG_1194-1024x768.jpg 1024w, https:\/\/encuentroinformativo.com.mx\/wp-content\/uploads\/2023\/01\/IMG_1194-300x225.jpg 300w, https:\/\/encuentroinformativo.com.mx\/wp-content\/uploads\/2023\/01\/IMG_1194-768x576.jpg 768w, https:\/\/encuentroinformativo.com.mx\/wp-content\/uploads\/2023\/01\/IMG_1194-1536x1152.jpg 1536w, https:\/\/encuentroinformativo.com.mx\/wp-content\/uploads\/2023\/01\/IMG_1194.jpg 2016w\" sizes=\"auto, (max-width: 1024px) 100vw, 1024px\" \/><\/figure>\n","protected":false},"excerpt":{"rendered":"<p>Juan Arcos Xalapa, Ver.- La feminista Wendy L\u00f3pez Hern\u00e1ndez inici\u00f3 una campa\u00f1a para cambiar honor\u00edficamente el nombre de algunas calles en esta ciudad de Xalapa, con el objetivo de revalorizar a las mujeres que hist\u00f3ricamente han destacado en distintos \u00e1mbitos o han sido v\u00edctimas de la violencia machista. La activista peg\u00f3 una placa de acr\u00edlico [&hellip;]<\/p>\n","protected":false},"author":2476,"featured_media":36104,"comment_status":"open","ping_status":"open","sticky":false,"template":"","format":"standard","meta":{"_jetpack_memberships_contains_paid_content":false,"footnotes":""},"categories":[3],"tags":[],"class_list":["post-36103","post","type-post","status-publish","format-standard","has-post-thumbnail","hentry","category-xalapa"],"jetpack_featured_media_url":"https:\/\/encuentroinformativo.com.mx\/wp-content\/uploads\/2023\/01\/IMG_1264.jpg","jetpack_sharing_enabled":true,"jetpack_likes_enabled":true,"amp_enabled":true,"_links":{"self":[{"href":"https:\/\/encuentroinformativo.com.mx\/index.php?rest_route=\/wp\/v2\/posts\/36103","targetHints":{"allow":["GET"]}}],"collection":[{"href":"https:\/\/encuentroinformativo.com.mx\/index.php?rest_route=\/wp\/v2\/posts"}],"about":[{"href":"https:\/\/encuentroinformativo.com.mx\/index.php?rest_route=\/wp\/v2\/types\/post"}],"author":[{"embeddable":true,"href":"https:\/\/encuentroinformativo.com.mx\/index.php?rest_route=\/wp\/v2\/users\/2476"}],"replies":[{"embeddable":true,"href":"https:\/\/encuentroinformativo.com.mx\/index.php?rest_route=%2Fwp%2Fv2%2Fcomments&post=36103"}],"version-history":[{"count":1,"href":"https:\/\/encuentroinformativo.com.mx\/index.php?rest_route=\/wp\/v2\/posts\/36103\/revisions"}],"predecessor-version":[{"id":36106,"href":"https:\/\/encuentroinformativo.com.mx\/index.php?rest_route=\/wp\/v2\/posts\/36103\/revisions\/36106"}],"wp:featuredmedia":[{"embeddable":true,"href":"https:\/\/encuentroinformativo.com.mx\/index.php?rest_route=\/wp\/v2\/media\/36104"}],"wp:attachment":[{"href":"https:\/\/encuentroinformativo.com.mx\/index.php?rest_route=%2Fwp%2Fv2%2Fmedia&parent=36103"}],"wp:term":[{"taxonomy":"category","embeddable":true,"href":"https:\/\/encuentroinformativo.com.mx\/index.php?rest_route=%2Fwp%2Fv2%2Fcategories&post=36103"},{"taxonomy":"post_tag","embeddable":true,"href":"https:\/\/encuentroinformativo.com.mx\/index.php?rest_route=%2Fwp%2Fv2%2Ftags&post=36103"}],"curies":[{"name":"wp","href":"https:\/\/api.w.org\/{rel}","templated":true}]}}