{"id":36116,"date":"2023-01-30T14:06:00","date_gmt":"2023-01-30T20:06:00","guid":{"rendered":"https:\/\/encuentroinformativo.com.mx\/?p=36116"},"modified":"2023-01-30T14:06:04","modified_gmt":"2023-01-30T20:06:04","slug":"vecinos-de-coatepec-preocupados-por-inseguridad","status":"publish","type":"post","link":"https:\/\/encuentroinformativo.com.mx\/?p=36116","title":{"rendered":"Vecinos de Coatepec preocupados por inseguridad"},"content":{"rendered":"\n<p><strong>Juan Arcos <\/strong><\/p>\n\n\n\n<p>Coatepec, Ver.- En la colonia L\u00e1zaro C\u00e1rdenas, cerca de Los Carriles, municipio de Coatepec, fue asesinado a apu\u00f1aladas un joven durante la madrugada de este lunes 30 de enero.<\/p>\n\n\n\n<p>Los hechos ocurrieron despu\u00e9s de la una de la madrugada, lo que ocasion\u00f3 una fuerte movilizaci\u00f3n policiaca en la zona y alarm\u00f3 a los vecinos de la zona.<\/p>\n\n\n\n<p>Los elementos de la Polic\u00eda Municipal recibieron un reporte por una persona herida con arma blanca sobre la calle R\u00edo Pintores.<\/p>\n\n\n\n<p>Los polic\u00edas se trasladaron al punto, donde se percataron que el var\u00f3n ya no contaba con signos vitales y que su cuerpo estaba en el piso.<br>La v\u00edctima fue identificada como Manuel \u201cN\u201d, de unos 22 a\u00f1os, cuyo cuerpo fue trasladado al Servicio M\u00e9dico Forense (Semefo).<\/p>\n\n\n\n<p>Los vecinos de la zona denunciaron, de manera an\u00f3nima, que la violencia ha sido constante en su colonia, donde tambi\u00e9n ha habido robos a casa habitaci\u00f3n y de veh\u00edculos.<\/p>\n\n\n\n<p>Incluso, comentaron que ahora temen salir de casa no solo por las noches sino a cualquier hora del d\u00eda, pues ha aumentado la incidencia delictiva.<\/p>\n\n\n\n<p>Los pobladores se organizaron en diciembre pasado y colocaron lonas de vecinos vigilantes en la colonia Los Carriles, misma que colinda con la colonia L\u00e1zaro C\u00e1rdenas, para hacer frente a esta problem\u00e1tica.<\/p>\n\n\n\n<p>Adem\u00e1s, se reunieron con elementos de la Polic\u00eda Municipal, quienes se comprometieron a incrementar la vigilancia, sobre todo durante las noches, y pese a ello, recientemente un joven fue asesinado con arma blanca en la zona.<\/p>\n","protected":false},"excerpt":{"rendered":"<p>Juan Arcos Coatepec, Ver.- En la colonia L\u00e1zaro C\u00e1rdenas, cerca de Los Carriles, municipio de Coatepec, fue asesinado a apu\u00f1aladas un joven durante la madrugada de este lunes 30 de enero. Los hechos ocurrieron despu\u00e9s de la una de la madrugada, lo que ocasion\u00f3 una fuerte movilizaci\u00f3n policiaca en la zona y alarm\u00f3 a los [&hellip;]<\/p>\n","protected":false},"author":2476,"featured_media":36117,"comment_status":"open","ping_status":"open","sticky":false,"template":"","format":"standard","meta":{"_jetpack_memberships_contains_paid_content":false,"footnotes":""},"categories":[8],"tags":[],"class_list":["post-36116","post","type-post","status-publish","format-standard","has-post-thumbnail","hentry","category-region"],"jetpack_featured_media_url":"https:\/\/encuentroinformativo.com.mx\/wp-content\/uploads\/2023\/01\/IMG_83672.jpg","jetpack_sharing_enabled":true,"jetpack_likes_enabled":true,"amp_enabled":true,"_links":{"self":[{"href":"https:\/\/encuentroinformativo.com.mx\/index.php?rest_route=\/wp\/v2\/posts\/36116","targetHints":{"allow":["GET"]}}],"collection":[{"href":"https:\/\/encuentroinformativo.com.mx\/index.php?rest_route=\/wp\/v2\/posts"}],"about":[{"href":"https:\/\/encuentroinformativo.com.mx\/index.php?rest_route=\/wp\/v2\/types\/post"}],"author":[{"embeddable":true,"href":"https:\/\/encuentroinformativo.com.mx\/index.php?rest_route=\/wp\/v2\/users\/2476"}],"replies":[{"embeddable":true,"href":"https:\/\/encuentroinformativo.com.mx\/index.php?rest_route=%2Fwp%2Fv2%2Fcomments&post=36116"}],"version-history":[{"count":1,"href":"https:\/\/encuentroinformativo.com.mx\/index.php?rest_route=\/wp\/v2\/posts\/36116\/revisions"}],"predecessor-version":[{"id":36118,"href":"https:\/\/encuentroinformativo.com.mx\/index.php?rest_route=\/wp\/v2\/posts\/36116\/revisions\/36118"}],"wp:featuredmedia":[{"embeddable":true,"href":"https:\/\/encuentroinformativo.com.mx\/index.php?rest_route=\/wp\/v2\/media\/36117"}],"wp:attachment":[{"href":"https:\/\/encuentroinformativo.com.mx\/index.php?rest_route=%2Fwp%2Fv2%2Fmedia&parent=36116"}],"wp:term":[{"taxonomy":"category","embeddable":true,"href":"https:\/\/encuentroinformativo.com.mx\/index.php?rest_route=%2Fwp%2Fv2%2Fcategories&post=36116"},{"taxonomy":"post_tag","embeddable":true,"href":"https:\/\/encuentroinformativo.com.mx\/index.php?rest_route=%2Fwp%2Fv2%2Ftags&post=36116"}],"curies":[{"name":"wp","href":"https:\/\/api.w.org\/{rel}","templated":true}]}}