{"id":36122,"date":"2023-01-30T14:26:35","date_gmt":"2023-01-30T20:26:35","guid":{"rendered":"https:\/\/encuentroinformativo.com.mx\/?p=36122"},"modified":"2023-01-30T14:26:38","modified_gmt":"2023-01-30T20:26:38","slug":"productores-solicitan-incluir-el-cafe-en-programa-de-apoyo-a-fertilizantes","status":"publish","type":"post","link":"https:\/\/encuentroinformativo.com.mx\/?p=36122","title":{"rendered":"Productores solicitan incluir el caf\u00e9 en programa de apoyo a fertilizantes"},"content":{"rendered":"\n<p><strong>Dar\u00edo Pale <\/strong><\/p>\n\n\n\n<p>Xalapa, Ver.- Piden que el caf\u00e9 se incluya en programa de apoyos con fertilizante y que tambi\u00e9n que se ampl\u00ede el n\u00famero de productores en Producci\u00f3n para el Bienestar Caf\u00e9 aumentando el monto a 8 mil pesos por cada uno.<\/p>\n\n\n\n<p>Entre un 35 a un 40 por ciento caer\u00e1 la producci\u00f3n de caf\u00e9 en Veracruz en 2023, proyect\u00f3 \u00a0el integrante del integrante del Consejo Regional del Caf\u00e9 de Coatepec.<\/p>\n\n\n\n<p>En conferencia de prensa Fernando Celis Callejas y Cirio Ruiz Gonz\u00e1lez, asesor de la Coordinadora Nacional de Organizaciones Cafetaleras y del Consejo Regional del Caf\u00e9 de Coatepec pidieron aumentar la producci\u00f3n de caf\u00e9 en M\u00e9xico y que los productores tengan mejores precios.<\/p>\n\n\n\n<p>Las acciones que permitir\u00edan aumentar la producci\u00f3n son que se incluya el caf\u00e9 en el programa de apoyos con fertilizante, &#8220;Que sea un fertilizante y entregando dicho apoyo cuando se necesita en el campo&#8221;.\u00a0<\/p>\n\n\n\n<p>Adem\u00e1s, que se ampl\u00ede el n\u00famero de productores que reciben del programa Producci\u00f3n para el Bienestar Caf\u00e9 aumentando el monto a por lo menos 8 mil pesos por productor y que se apoye a los productores y sus asociaciones para que puedan vender sus caf\u00e9s en mercados de mayores precios.<\/p>\n\n\n\n<p>Al respecto, detallaron que la producci\u00f3n de caf\u00e9 ar\u00e1bica ha bajado por la roya y despu\u00e9s por varios a\u00f1os, por afectaciones de bajos precios.<\/p>\n\n\n\n<p>&#8220;Antes de la roya, la producci\u00f3n no era menor a 4.2 millones de sacos de 60 kilos oro y para este a\u00f1o se calcula en unos 3.3 millones de sacos. En el ciclo pasado 2021-2022 aumentaron los precios del caf\u00e9 debido a las afectaciones por sequ\u00eda y heladas en Brasil&#8221;, se\u00f1al\u00f3.<\/p>\n\n\n\n<p>Al respecto, expusieron que M\u00e9xico se tuvieron precios de alrededor de 4,250 pesos el quintal de caf\u00e9 pergamino y de caf\u00e9 cereza de unos 14 pesos el kilo, por lo que las grandes empresas compradoras se aprovecharon y pagaron precios menores.<\/p>\n\n\n\n<p>Para esta cosecha 2022-2023 se est\u00e1 pagando a no m\u00e1s de 3.000 pesos el quintal de caf\u00e9 pergamino y alrededor de 11 pesos el kilo de cereza.<\/p>\n\n\n\n<p>&#8220;Desde octubre del a\u00f1o pasado se manej\u00f3 que en Brasil se tendr\u00eda una mayor cosecha de naturales (ar\u00e1bigos no lavados) y robustas para 2023; sin embargo, en el caso de los ar\u00e1bigos (pergaminizados), como los que se producen en M\u00e9xico, se tiene una situaci\u00f3n muy diferente en los \u00faltimos ciclos: se cuenta con una producci\u00f3n mundial menor que el consumo y hay muy bajos inventarios de este tipo de caf\u00e9 en los pa\u00edses productores e importadores&#8221;, coment\u00f3.<\/p>\n\n\n\n<p>Eso significa, dijo, que las grandes compa\u00f1\u00edas compradoras bajaron los precios de manera arbitraria de los caf\u00e9s pergaminos lavados en los mismos niveles en que baj\u00f3 la Bolsa de Caf\u00e9 de Nueva York.<\/p>\n\n\n\n<p>&#8220;Los menores precios del caf\u00e9 en t\u00e9rminos reales llevar\u00e1 a que los productores al fin de la cosecha no tengan ingresos suficientes para la fertilizaci\u00f3n y las labores de mantenimiento de los cafetales, lo cual puede llevar a que se tenga una menor producci\u00f3n para los pr\u00f3ximos ciclos&#8221;, inform\u00f3.<\/p>\n\n\n\n<p>En ese contexto, expusieron que ante los problemas con la Bolsa de Caf\u00e9 de Nueva York, que ya consideran obsoleta y controlada por especuladores, &#8220;y por el papel que han jugado las grandes trasnacionales cafetaleras al bajar los precios del caf\u00e9 pergaminizado o ar\u00e1bigo lavado, demandan al gobierno federal lo siguiente:<\/p>\n\n\n\n<p>Que promueva una mayor coordinaci\u00f3n con los pa\u00edses productores de caf\u00e9 ar\u00e1bigos lavados con el objetivo de tomar medidas que conlleven a un precio base de este tipo de caf\u00e9, logrando que los mismos sean remunerativos para los productores y que garanticen a la vez, recuperaci\u00f3n de los gastos de producci\u00f3n y una utilidad.<\/p>\n\n\n\n<p>&#8220;Es urgente que el gobierno federal mexicano atienda estas demandas por el bien de la cafeticultura y los productores de caf\u00e9&#8221;.<\/p>\n","protected":false},"excerpt":{"rendered":"<p>Dar\u00edo Pale Xalapa, Ver.- Piden que el caf\u00e9 se incluya en programa de apoyos con fertilizante y que tambi\u00e9n que se ampl\u00ede el n\u00famero de productores en Producci\u00f3n para el Bienestar Caf\u00e9 aumentando el monto a 8 mil pesos por cada uno. Entre un 35 a un 40 por ciento caer\u00e1 la producci\u00f3n de caf\u00e9 [&hellip;]<\/p>\n","protected":false},"author":2476,"featured_media":36123,"comment_status":"open","ping_status":"open","sticky":false,"template":"","format":"standard","meta":{"_jetpack_memberships_contains_paid_content":false,"footnotes":""},"categories":[3],"tags":[],"class_list":["post-36122","post","type-post","status-publish","format-standard","has-post-thumbnail","hentry","category-xalapa"],"jetpack_featured_media_url":"https:\/\/encuentroinformativo.com.mx\/wp-content\/uploads\/2023\/01\/IMG-20230130-WA01032.jpg","jetpack_sharing_enabled":true,"jetpack_likes_enabled":true,"amp_enabled":true,"_links":{"self":[{"href":"https:\/\/encuentroinformativo.com.mx\/index.php?rest_route=\/wp\/v2\/posts\/36122","targetHints":{"allow":["GET"]}}],"collection":[{"href":"https:\/\/encuentroinformativo.com.mx\/index.php?rest_route=\/wp\/v2\/posts"}],"about":[{"href":"https:\/\/encuentroinformativo.com.mx\/index.php?rest_route=\/wp\/v2\/types\/post"}],"author":[{"embeddable":true,"href":"https:\/\/encuentroinformativo.com.mx\/index.php?rest_route=\/wp\/v2\/users\/2476"}],"replies":[{"embeddable":true,"href":"https:\/\/encuentroinformativo.com.mx\/index.php?rest_route=%2Fwp%2Fv2%2Fcomments&post=36122"}],"version-history":[{"count":1,"href":"https:\/\/encuentroinformativo.com.mx\/index.php?rest_route=\/wp\/v2\/posts\/36122\/revisions"}],"predecessor-version":[{"id":36124,"href":"https:\/\/encuentroinformativo.com.mx\/index.php?rest_route=\/wp\/v2\/posts\/36122\/revisions\/36124"}],"wp:featuredmedia":[{"embeddable":true,"href":"https:\/\/encuentroinformativo.com.mx\/index.php?rest_route=\/wp\/v2\/media\/36123"}],"wp:attachment":[{"href":"https:\/\/encuentroinformativo.com.mx\/index.php?rest_route=%2Fwp%2Fv2%2Fmedia&parent=36122"}],"wp:term":[{"taxonomy":"category","embeddable":true,"href":"https:\/\/encuentroinformativo.com.mx\/index.php?rest_route=%2Fwp%2Fv2%2Fcategories&post=36122"},{"taxonomy":"post_tag","embeddable":true,"href":"https:\/\/encuentroinformativo.com.mx\/index.php?rest_route=%2Fwp%2Fv2%2Ftags&post=36122"}],"curies":[{"name":"wp","href":"https:\/\/api.w.org\/{rel}","templated":true}]}}