{"id":36125,"date":"2023-01-30T14:41:49","date_gmt":"2023-01-30T20:41:49","guid":{"rendered":"https:\/\/encuentroinformativo.com.mx\/?p=36125"},"modified":"2023-01-30T14:41:53","modified_gmt":"2023-01-30T20:41:53","slug":"con-marcelo-si-se-declaran-listos-en-veracruz","status":"publish","type":"post","link":"https:\/\/encuentroinformativo.com.mx\/?p=36125","title":{"rendered":"&#8220;Con Marcelo s\u00ed&#8221;, se declaran listos en Veracruz"},"content":{"rendered":"\n<p><strong>Alejandro \u00c1vila\u00a0<\/strong><\/p>\n\n\n\n<p>Veracruz, Ver.- La estructura en Veracruz de &#8220;Con Marcelo S\u00ed&#8221; se encuentra totalmente lista, asegur\u00f3 su coordinador en la entidad, Bogar Ruiz Rosas.<\/p>\n\n\n\n<p>El ex alcalde de Alvarado descart\u00f3 problemas con funcionarios estatales por externar su apoyo abierto a Marcelo Ebrard y no a Claudia Sheinbau, quien se presume es la favorita del Ejecutivo Estatal.<\/p>\n\n\n\n<p>&#8220;En el caso de nosotros no hemos tenido ning\u00fan problema porque todos somos agentes libres, aqu\u00ed hay a ex diputados, regidores, s\u00edndicos, ex presidentes municipales, coordinadores estatales, y no tenemos ninguna presi\u00f3n de gobierno del Estado ni de nadie para poder hacer nuestro trabajo. Afortunadamente vamos trabajando y nos vamos coordinando muy muy bien, hemos avanzado mucho, ya tenemos trabajado y subdividido todo lo que es la estructura para poder llevar a nuestro personaje a la candidatura primero&#8221;, sentenci\u00f3.<\/p>\n\n\n\n<p>Ruiz Rosas asegur\u00f3 que Marcelo Ebrard es el \u00fanico personaje que puede unir a toda la naci\u00f3n, ya que lo ha demostrado en su trabajo como Canciller.<\/p>\n\n\n\n<p>&#8220;Este gallo que tenemos nosotros es el mejor de todos, es el que tiene toda la experiencia, es el que tiene todo el arraigo, tiene una gran trayectoria, una conducta intachable de su administraci\u00f3n, cientos de reconocimiento no solo nacionales sino internacionales, es reconocido por l\u00edderes mundiales&#8221;, sentenci\u00f3.<\/p>\n","protected":false},"excerpt":{"rendered":"<p>Alejandro \u00c1vila\u00a0 Veracruz, Ver.- La estructura en Veracruz de &#8220;Con Marcelo S\u00ed&#8221; se encuentra totalmente lista, asegur\u00f3 su coordinador en la entidad, Bogar Ruiz Rosas. El ex alcalde de Alvarado descart\u00f3 problemas con funcionarios estatales por externar su apoyo abierto a Marcelo Ebrard y no a Claudia Sheinbau, quien se presume es la favorita del [&hellip;]<\/p>\n","protected":false},"author":2476,"featured_media":36126,"comment_status":"open","ping_status":"open","sticky":false,"template":"","format":"standard","meta":{"_jetpack_memberships_contains_paid_content":false,"footnotes":""},"categories":[2],"tags":[],"class_list":["post-36125","post","type-post","status-publish","format-standard","has-post-thumbnail","hentry","category-estado"],"jetpack_featured_media_url":"https:\/\/encuentroinformativo.com.mx\/wp-content\/uploads\/2023\/01\/IMG-20230130-WA01192.jpg","jetpack_sharing_enabled":true,"jetpack_likes_enabled":true,"amp_enabled":true,"_links":{"self":[{"href":"https:\/\/encuentroinformativo.com.mx\/index.php?rest_route=\/wp\/v2\/posts\/36125","targetHints":{"allow":["GET"]}}],"collection":[{"href":"https:\/\/encuentroinformativo.com.mx\/index.php?rest_route=\/wp\/v2\/posts"}],"about":[{"href":"https:\/\/encuentroinformativo.com.mx\/index.php?rest_route=\/wp\/v2\/types\/post"}],"author":[{"embeddable":true,"href":"https:\/\/encuentroinformativo.com.mx\/index.php?rest_route=\/wp\/v2\/users\/2476"}],"replies":[{"embeddable":true,"href":"https:\/\/encuentroinformativo.com.mx\/index.php?rest_route=%2Fwp%2Fv2%2Fcomments&post=36125"}],"version-history":[{"count":1,"href":"https:\/\/encuentroinformativo.com.mx\/index.php?rest_route=\/wp\/v2\/posts\/36125\/revisions"}],"predecessor-version":[{"id":36127,"href":"https:\/\/encuentroinformativo.com.mx\/index.php?rest_route=\/wp\/v2\/posts\/36125\/revisions\/36127"}],"wp:featuredmedia":[{"embeddable":true,"href":"https:\/\/encuentroinformativo.com.mx\/index.php?rest_route=\/wp\/v2\/media\/36126"}],"wp:attachment":[{"href":"https:\/\/encuentroinformativo.com.mx\/index.php?rest_route=%2Fwp%2Fv2%2Fmedia&parent=36125"}],"wp:term":[{"taxonomy":"category","embeddable":true,"href":"https:\/\/encuentroinformativo.com.mx\/index.php?rest_route=%2Fwp%2Fv2%2Fcategories&post=36125"},{"taxonomy":"post_tag","embeddable":true,"href":"https:\/\/encuentroinformativo.com.mx\/index.php?rest_route=%2Fwp%2Fv2%2Ftags&post=36125"}],"curies":[{"name":"wp","href":"https:\/\/api.w.org\/{rel}","templated":true}]}}