{"id":36128,"date":"2023-01-30T14:59:01","date_gmt":"2023-01-30T20:59:01","guid":{"rendered":"https:\/\/encuentroinformativo.com.mx\/?p=36128"},"modified":"2023-01-30T14:59:06","modified_gmt":"2023-01-30T20:59:06","slug":"se-alista-papantla-para-cumbre-tajin","status":"publish","type":"post","link":"https:\/\/encuentroinformativo.com.mx\/?p=36128","title":{"rendered":"Se alista Papantla para Cumbre Taj\u00edn"},"content":{"rendered":"\n<p><strong>Israel Garc\u00eda <\/strong><\/p>\n\n\n\n<p>Xalapa, Ver.- El Gobernador del Estado de Veracruz inform\u00f3 la realizaci\u00f3n del  festival cultural Cumbre Taj\u00edn, la cual en esta ocasi\u00f3n se realizar\u00e1 del 21 al 26 de Marzo.<\/p>\n\n\n\n<p>En conferencia de prensa el ejecutivo estatal, se\u00f1al\u00f3 que el pueblo totonaco espera con el coraz\u00f3n abierto a cientos de visitantes para compartir su cultura en la Cumbre Taj\u00edn, mediante m\u00e1s de 700 actividades entre talleres, exposiciones y la ceremonia ritual de los Voladores de Papantla.<\/p>\n\n\n\n<p>Dijo que los artistas que se presentar\u00e1n son , Molotov, INNA, Juan Mag\u00e1n; el gobernador, dijo que se contar\u00e1 con operativos de seguridad para que todos los turistas asistan con tranquilidad para disfrutar de esta fiesta cultural en el municipio de Papantla, Veracruz.<\/p>\n\n\n\n<p>El otro tema que abordo el mandatario veracruzano fue del gran evento de <em>Salsa-fest<\/em>, que se llevar\u00e1 en el municipio de Boca del R\u00edo, del 1 al 3 de junio del 2023, as\u00ed que vayan apartando sus lugares todos los salseros para disfrutar y ense\u00f1ar sus mejores pasos.<\/p>\n","protected":false},"excerpt":{"rendered":"<p>Israel Garc\u00eda Xalapa, Ver.- El Gobernador del Estado de Veracruz inform\u00f3 la realizaci\u00f3n del festival cultural Cumbre Taj\u00edn, la cual en esta ocasi\u00f3n se realizar\u00e1 del 21 al 26 de Marzo. En conferencia de prensa el ejecutivo estatal, se\u00f1al\u00f3 que el pueblo totonaco espera con el coraz\u00f3n abierto a cientos de visitantes para compartir su [&hellip;]<\/p>\n","protected":false},"author":2476,"featured_media":36130,"comment_status":"open","ping_status":"open","sticky":false,"template":"","format":"standard","meta":{"_jetpack_memberships_contains_paid_content":false,"footnotes":""},"categories":[2],"tags":[],"class_list":["post-36128","post","type-post","status-publish","format-standard","has-post-thumbnail","hentry","category-estado"],"jetpack_featured_media_url":"https:\/\/encuentroinformativo.com.mx\/wp-content\/uploads\/2023\/01\/CUMBRE-TAJIN-Y-SALSA-FEST-2023-52-scaled.jpeg","jetpack_sharing_enabled":true,"jetpack_likes_enabled":true,"amp_enabled":true,"_links":{"self":[{"href":"https:\/\/encuentroinformativo.com.mx\/index.php?rest_route=\/wp\/v2\/posts\/36128","targetHints":{"allow":["GET"]}}],"collection":[{"href":"https:\/\/encuentroinformativo.com.mx\/index.php?rest_route=\/wp\/v2\/posts"}],"about":[{"href":"https:\/\/encuentroinformativo.com.mx\/index.php?rest_route=\/wp\/v2\/types\/post"}],"author":[{"embeddable":true,"href":"https:\/\/encuentroinformativo.com.mx\/index.php?rest_route=\/wp\/v2\/users\/2476"}],"replies":[{"embeddable":true,"href":"https:\/\/encuentroinformativo.com.mx\/index.php?rest_route=%2Fwp%2Fv2%2Fcomments&post=36128"}],"version-history":[{"count":1,"href":"https:\/\/encuentroinformativo.com.mx\/index.php?rest_route=\/wp\/v2\/posts\/36128\/revisions"}],"predecessor-version":[{"id":36131,"href":"https:\/\/encuentroinformativo.com.mx\/index.php?rest_route=\/wp\/v2\/posts\/36128\/revisions\/36131"}],"wp:featuredmedia":[{"embeddable":true,"href":"https:\/\/encuentroinformativo.com.mx\/index.php?rest_route=\/wp\/v2\/media\/36130"}],"wp:attachment":[{"href":"https:\/\/encuentroinformativo.com.mx\/index.php?rest_route=%2Fwp%2Fv2%2Fmedia&parent=36128"}],"wp:term":[{"taxonomy":"category","embeddable":true,"href":"https:\/\/encuentroinformativo.com.mx\/index.php?rest_route=%2Fwp%2Fv2%2Fcategories&post=36128"},{"taxonomy":"post_tag","embeddable":true,"href":"https:\/\/encuentroinformativo.com.mx\/index.php?rest_route=%2Fwp%2Fv2%2Ftags&post=36128"}],"curies":[{"name":"wp","href":"https:\/\/api.w.org\/{rel}","templated":true}]}}