{"id":36145,"date":"2023-01-31T09:28:10","date_gmt":"2023-01-31T15:28:10","guid":{"rendered":"https:\/\/encuentroinformativo.com.mx\/?p=36145"},"modified":"2023-01-31T09:28:14","modified_gmt":"2023-01-31T15:28:14","slug":"nahle-y-cheko","status":"publish","type":"post","link":"https:\/\/encuentroinformativo.com.mx\/?p=36145","title":{"rendered":"NAHLE Y CHEKO"},"content":{"rendered":"\n<p><strong>Los Pol\u00edticos<\/strong><\/p>\n\n\n\n<p><strong>Salvador Mu\u00f1oz<\/strong><\/p>\n\n\n\n<p>Sergio Guti\u00e9rrez Luna es un fen\u00f3meno pol\u00edtico dentro de otro fen\u00f3meno pol\u00edtico como es Morena. En menos de un a\u00f1o, se ha vuelto el rival inc\u00f3modo de quienes detentan el poder en Veracruz y buscan preservarlo en las manos de Roc\u00edo Nahle, aparentemente\u2026<\/p>\n\n\n\n<p>\u00bfC\u00f3mo es que un Diputado federal est\u00e1 a la altura de una secretaria de despacho y sea tema de inter\u00e9s del secretario de Gobierno, quien debiera estar m\u00e1s ocupado en cuestiones de la gobernanza y el orden pol\u00edtico del estado que en hacer lo que mejor le queda: lo guarro pol\u00edtico?<\/p>\n\n\n\n<p>El evento reciente donde el 2 del Gobierno federal le levanta la mano a Cheko, lastim\u00f3 a ese grupo en el Poder que olvidaron las formas, los modos, y evidenciaron algo que s\u00f3lo pudieron reflejar con ofensas: el crecimiento de Guti\u00e9rrez Luna les preocupa y m\u00e1s de la mano que lo acompa\u00f1a: Ad\u00e1n, otro fen\u00f3meno pol\u00edtico que en menos de un a\u00f1o ya rivaliza con una Claudia Sheinbaum que se precipita como vagones de metro al vac\u00edo y hasta con un Marcelo que en breve, ha de exhibir m\u00fasculo en Veracruz\u2026<\/p>\n\n\n\n<p>A Roc\u00edo Nahle, al menos hasta este momento, le ocurre lo que a las familias ca\u00eddas en desgracia: s\u00f3lo viven del recuerdo\u2026 del bonito recuerdo de cuando alguna vez fue citada por el Presidente como una corcholata para la Presidencial\u2026 s\u00ed, para la Presidencial, no para la Gubernatura, pero algo ocurri\u00f3 en el camino o alguien se le atraves\u00f3, que de \u201cCorcholata Presidencial\u201d la bajaron a buscar la Gubernatura de Veracruz cediendo el paso a Claudia Sheinbaum.<\/p>\n\n\n\n<p>La percepci\u00f3n que se tiene en este momento de Roc\u00edo Nahle es que el Presidente mismo la bate\u00f3 porque Dos Bocas no est\u00e1 siendo lo que se esperaba de este proyecto, que analistas consideran que ha de estar al 100 por ciento \u00a1hasta el 2027! Imagine que ni siquiera cuenta con planta de luz propia hasta este momento\u2026 Lo que se haga en julio de este a\u00f1o s\u00f3lo ser\u00e1 un buen montaje, algo as\u00ed como taparle el ojo al macho\u2026 no m\u00e1s\u2026 por eso la presencia de Cheko y el empuje de Ad\u00e1n\u2026 \u00a1vamos! No es de a gratis\u2026 Un viejo lobo de mar como L\u00f3pez Hern\u00e1ndez sabe que al Jefe no se le rebasa ni por la izquierda, as\u00ed que el levant\u00f3n de mano de Cheko en Veracruz as\u00ed como las arengas que lanz\u00f3 ese d\u00eda, tienen vara alta, cuentan con la venia del Se\u00f1or\u2026<\/p>\n\n\n\n<p>Y mientras Nahle se encuentra ocupada por encargo del Presidente de Dos Bocas y de paso, de su propia Boca, Cheko avanza y encuentra aliados, de todos colores y sabores; Morenos excluidos por la arrogancia de un Gobernador o por la prepotencia de un secretario de Gobierno\u2026<\/p>\n\n\n\n<p>Cuitl\u00e1huac y su grupo apostaron todas las canicas a una sola jugadora\u2026 y en este momento eso s\u00f3lo permite que haya dos compitiendo por la Gubernatura por el 2024: Nahle y Cheko, porque los activos de Morena en torno a Garc\u00eda Jim\u00e9nez, en la excesiva institucionalidad, son incapaces de decir \u201cYo quiero\u201d a pesar de que tienen m\u00e1s camino recorrido que Nahle y Cheko en estos cuatro a\u00f1os de Gobierno\u2026 quiz\u00e1s esperando que si no es Nahle, las encuestas les favorezcan pero dejando pasar por alto que la \u00fanica encuesta que vale, es la del Presidente.<\/p>\n","protected":false},"excerpt":{"rendered":"<p>Los Pol\u00edticos Salvador Mu\u00f1oz Sergio Guti\u00e9rrez Luna es un fen\u00f3meno pol\u00edtico dentro de otro fen\u00f3meno pol\u00edtico como es Morena. En menos de un a\u00f1o, se ha vuelto el rival inc\u00f3modo de quienes detentan el poder en Veracruz y buscan preservarlo en las manos de Roc\u00edo Nahle, aparentemente\u2026 \u00bfC\u00f3mo es que un Diputado federal est\u00e1 a [&hellip;]<\/p>\n","protected":false},"author":2476,"featured_media":387,"comment_status":"open","ping_status":"open","sticky":false,"template":"","format":"standard","meta":{"_jetpack_memberships_contains_paid_content":false,"footnotes":""},"categories":[11],"tags":[],"class_list":["post-36145","post","type-post","status-publish","format-standard","has-post-thumbnail","hentry","category-opinion"],"jetpack_featured_media_url":"https:\/\/encuentroinformativo.com.mx\/wp-content\/uploads\/2020\/03\/7CF8A22B-2764-47BE-8F7F-38FE9E5D6A2F.jpeg","jetpack_sharing_enabled":true,"jetpack_likes_enabled":true,"amp_enabled":true,"_links":{"self":[{"href":"https:\/\/encuentroinformativo.com.mx\/index.php?rest_route=\/wp\/v2\/posts\/36145","targetHints":{"allow":["GET"]}}],"collection":[{"href":"https:\/\/encuentroinformativo.com.mx\/index.php?rest_route=\/wp\/v2\/posts"}],"about":[{"href":"https:\/\/encuentroinformativo.com.mx\/index.php?rest_route=\/wp\/v2\/types\/post"}],"author":[{"embeddable":true,"href":"https:\/\/encuentroinformativo.com.mx\/index.php?rest_route=\/wp\/v2\/users\/2476"}],"replies":[{"embeddable":true,"href":"https:\/\/encuentroinformativo.com.mx\/index.php?rest_route=%2Fwp%2Fv2%2Fcomments&post=36145"}],"version-history":[{"count":1,"href":"https:\/\/encuentroinformativo.com.mx\/index.php?rest_route=\/wp\/v2\/posts\/36145\/revisions"}],"predecessor-version":[{"id":36146,"href":"https:\/\/encuentroinformativo.com.mx\/index.php?rest_route=\/wp\/v2\/posts\/36145\/revisions\/36146"}],"wp:featuredmedia":[{"embeddable":true,"href":"https:\/\/encuentroinformativo.com.mx\/index.php?rest_route=\/wp\/v2\/media\/387"}],"wp:attachment":[{"href":"https:\/\/encuentroinformativo.com.mx\/index.php?rest_route=%2Fwp%2Fv2%2Fmedia&parent=36145"}],"wp:term":[{"taxonomy":"category","embeddable":true,"href":"https:\/\/encuentroinformativo.com.mx\/index.php?rest_route=%2Fwp%2Fv2%2Fcategories&post=36145"},{"taxonomy":"post_tag","embeddable":true,"href":"https:\/\/encuentroinformativo.com.mx\/index.php?rest_route=%2Fwp%2Fv2%2Ftags&post=36145"}],"curies":[{"name":"wp","href":"https:\/\/api.w.org\/{rel}","templated":true}]}}