{"id":3615,"date":"2020-06-25T12:21:55","date_gmt":"2020-06-25T17:21:55","guid":{"rendered":"https:\/\/encuentroinformativo.com\/?p=3615"},"modified":"2020-06-25T12:21:58","modified_gmt":"2020-06-25T17:21:58","slug":"lluvias-dejan-afectaciones-en-7-municipios-pc","status":"publish","type":"post","link":"https:\/\/encuentroinformativo.com.mx\/?p=3615","title":{"rendered":"Lluvias dejan afectaciones en 7 municipios: PC"},"content":{"rendered":"\n<p><strong>Juan Arcos <\/strong><\/p>\n\n\n\n<p>Xalapa, Ver.- Siete municipios de Veracruz sufrieron afectaciones por las fuertes lluvias registradas la tarde del mi\u00e9rcoles y la madrugada del jueves.<\/p>\n\n\n\n<p>El acumulamiento de agua ocasion\u00f3 anegaciones, derrumbes y la ca\u00edda de \u00e1rboles o bardas que afectaron viviendas, veh\u00edculos e infraestructura p\u00fablica.<\/p>\n\n\n\n<p>La Secretar\u00eda de Protecci\u00f3n Civil (PC), en su informe de seguimiento a fuertes lluvias con corte a las 10:00 horas de este jueves, report\u00f3 que Xalapa, la capital del estado, registr\u00f3 el mayor n\u00famero de da\u00f1os.<\/p>\n\n\n\n<p>Hubo anegaciones en 50 colonias y en las principales avenidas, como L\u00e1zaro C\u00e1rdenas, donde quedaron varados algunos veh\u00edculos.<\/p>\n\n\n\n<p>De acuerdo con la Comisi\u00f3n Nacional del Agua (Conagua) la precipitaci\u00f3n media anual en Xalapa es de mil 580 mil\u00edmetros y, la tarde del 24 de junio, se registraron 122 mil\u00edmetros (122 litros por metro cuadrado) de lluvia, es decir, que solo en dos horas cay\u00f3 cerca del ocho por ciento del agua prevista en todo el a\u00f1o.<\/p>\n\n\n\n<p>Las autoridades activaron tres refugios temporales en la mencionada ciudad, mismos que no fueron requeridos por la poblaci\u00f3n.<\/p>\n\n\n\n<p>El director de Protecci\u00f3n Civil del Ayuntamiento de Xalapa, Jes\u00fas Vargas Hern\u00e1ndez, indic\u00f3 que se solicitar\u00eda declaratoria de emergencia para atender las zonas afectadas.<\/p>\n\n\n\n<p>\u201cTuvimos problemas en algunas colonias como es la Veracruz, Plan de Ayala, Cerro Colorado con algunos deslaves. Sin ning\u00fan problema de p\u00e9rdida de vidas, solo da\u00f1os materiales\u201d, enfatiz\u00f3.<\/p>\n\n\n\n<p>Del mismo modo, PC Estatal inform\u00f3 que hubo viviendas afectadas, derrumbes y ca\u00edda de \u00e1rboles en los municipios de San Andr\u00e9s Tlalnelhuayocan, Banderilla, Mart\u00ednez de la Torre, Poza Rica, Tepatlaxco y Coatepec.<\/p>\n\n\n\n<p>En el \u00faltimo lugar mencionado, personal de Protecci\u00f3n Civil municipal inform\u00f3 sobre la corriente desbordada del r\u00edo Sordo, durante la tarde del mi\u00e9rcoles, afectando parcialmente la circulaci\u00f3n vial, afluente que regres\u00f3 a su cause este d\u00eda.<\/p>\n","protected":false},"excerpt":{"rendered":"<p>Juan Arcos Xalapa, Ver.- Siete municipios de Veracruz sufrieron afectaciones por las fuertes lluvias registradas la tarde del mi\u00e9rcoles y la madrugada del jueves. El acumulamiento de agua ocasion\u00f3 anegaciones, derrumbes y la ca\u00edda de \u00e1rboles o bardas que afectaron viviendas, veh\u00edculos e infraestructura p\u00fablica. La Secretar\u00eda de Protecci\u00f3n Civil (PC), en su informe de [&hellip;]<\/p>\n","protected":false},"author":1,"featured_media":3616,"comment_status":"open","ping_status":"open","sticky":false,"template":"","format":"standard","meta":{"_jetpack_memberships_contains_paid_content":false,"footnotes":""},"categories":[2],"tags":[],"class_list":["post-3615","post","type-post","status-publish","format-standard","has-post-thumbnail","hentry","category-estado"],"jetpack_featured_media_url":"https:\/\/encuentroinformativo.com.mx\/wp-content\/uploads\/2020\/06\/398A3DDD-E416-4177-85E4-39BA5011CB63.jpeg","jetpack_sharing_enabled":true,"jetpack_likes_enabled":true,"amp_enabled":true,"_links":{"self":[{"href":"https:\/\/encuentroinformativo.com.mx\/index.php?rest_route=\/wp\/v2\/posts\/3615","targetHints":{"allow":["GET"]}}],"collection":[{"href":"https:\/\/encuentroinformativo.com.mx\/index.php?rest_route=\/wp\/v2\/posts"}],"about":[{"href":"https:\/\/encuentroinformativo.com.mx\/index.php?rest_route=\/wp\/v2\/types\/post"}],"author":[{"embeddable":true,"href":"https:\/\/encuentroinformativo.com.mx\/index.php?rest_route=\/wp\/v2\/users\/1"}],"replies":[{"embeddable":true,"href":"https:\/\/encuentroinformativo.com.mx\/index.php?rest_route=%2Fwp%2Fv2%2Fcomments&post=3615"}],"version-history":[{"count":1,"href":"https:\/\/encuentroinformativo.com.mx\/index.php?rest_route=\/wp\/v2\/posts\/3615\/revisions"}],"predecessor-version":[{"id":3617,"href":"https:\/\/encuentroinformativo.com.mx\/index.php?rest_route=\/wp\/v2\/posts\/3615\/revisions\/3617"}],"wp:featuredmedia":[{"embeddable":true,"href":"https:\/\/encuentroinformativo.com.mx\/index.php?rest_route=\/wp\/v2\/media\/3616"}],"wp:attachment":[{"href":"https:\/\/encuentroinformativo.com.mx\/index.php?rest_route=%2Fwp%2Fv2%2Fmedia&parent=3615"}],"wp:term":[{"taxonomy":"category","embeddable":true,"href":"https:\/\/encuentroinformativo.com.mx\/index.php?rest_route=%2Fwp%2Fv2%2Fcategories&post=3615"},{"taxonomy":"post_tag","embeddable":true,"href":"https:\/\/encuentroinformativo.com.mx\/index.php?rest_route=%2Fwp%2Fv2%2Ftags&post=3615"}],"curies":[{"name":"wp","href":"https:\/\/api.w.org\/{rel}","templated":true}]}}