{"id":36163,"date":"2023-01-31T14:05:00","date_gmt":"2023-01-31T20:05:00","guid":{"rendered":"https:\/\/encuentroinformativo.com.mx\/?p=36163"},"modified":"2023-01-31T14:05:03","modified_gmt":"2023-01-31T20:05:03","slug":"no-hay-policias-para-cubrir-casetas-de-vigilancia-en-veracruz","status":"publish","type":"post","link":"https:\/\/encuentroinformativo.com.mx\/?p=36163","title":{"rendered":"No hay Polic\u00edas para cubrir casetas de vigilancia en Veracruz"},"content":{"rendered":"\n<p><strong>Alejandro \u00c1vila<\/strong><\/p>\n\n\n\n<p>Veracruz, Ver.- El director de la Polic\u00eda Municipal de Veracruz, Jos\u00e9 Miguel Rodr\u00edguez confirm\u00f3 que les falta personal para cubrir las 15 casetas de vigilancia qu\u00e9 el Gobierno del Estado les dio en comodato.<\/p>\n\n\n\n<p>El funcionario municipal mencion\u00f3 qu\u00e9 son poco m\u00e1s de 300 elementos los que est\u00e1n patrullando las calles de Veracruz; sin embargo, dijo que seg\u00fan la media nacional, el municipio necesita aproximadamente 900 polic\u00edas.<\/p>\n\n\n\n<p>&#8220;Mira tenemos muchas casetas lo que nos hace falta es personal, estamos viendo y haciendo un an\u00e1lisis de d\u00f3nde vamos a ir habilitando en funci\u00f3n de la incidencia, pero si es un hecho que necesitamos habilitar casetas (\u2026) el Gobierno del Estado tiene alrededor de 15, qu\u00e9 es la que tenemos en comodato con ellos&#8221;, subray\u00f3.<\/p>\n\n\n\n<p>Jos\u00e9 Miguel Rodr\u00edguez expuso qu\u00e9 es complicado formar nuevos elementos para las polic\u00edas, pues deben de superar varios requisitos y acreditarse en los controles de control y confianza.<\/p>\n\n\n\n<p>Finalmente, dijo que para que una caseta de vigilancia este bien atendida, necesita al menos 5 elementos.<\/p>\n","protected":false},"excerpt":{"rendered":"<p>Alejandro \u00c1vila Veracruz, Ver.- El director de la Polic\u00eda Municipal de Veracruz, Jos\u00e9 Miguel Rodr\u00edguez confirm\u00f3 que les falta personal para cubrir las 15 casetas de vigilancia qu\u00e9 el Gobierno del Estado les dio en comodato. El funcionario municipal mencion\u00f3 qu\u00e9 son poco m\u00e1s de 300 elementos los que est\u00e1n patrullando las calles de Veracruz; [&hellip;]<\/p>\n","protected":false},"author":2476,"featured_media":36164,"comment_status":"open","ping_status":"open","sticky":false,"template":"","format":"standard","meta":{"_jetpack_memberships_contains_paid_content":false,"footnotes":""},"categories":[2],"tags":[],"class_list":["post-36163","post","type-post","status-publish","format-standard","has-post-thumbnail","hentry","category-estado"],"jetpack_featured_media_url":"https:\/\/encuentroinformativo.com.mx\/wp-content\/uploads\/2023\/01\/IMG-20230131-WA00692.jpg","jetpack_sharing_enabled":true,"jetpack_likes_enabled":true,"amp_enabled":true,"_links":{"self":[{"href":"https:\/\/encuentroinformativo.com.mx\/index.php?rest_route=\/wp\/v2\/posts\/36163","targetHints":{"allow":["GET"]}}],"collection":[{"href":"https:\/\/encuentroinformativo.com.mx\/index.php?rest_route=\/wp\/v2\/posts"}],"about":[{"href":"https:\/\/encuentroinformativo.com.mx\/index.php?rest_route=\/wp\/v2\/types\/post"}],"author":[{"embeddable":true,"href":"https:\/\/encuentroinformativo.com.mx\/index.php?rest_route=\/wp\/v2\/users\/2476"}],"replies":[{"embeddable":true,"href":"https:\/\/encuentroinformativo.com.mx\/index.php?rest_route=%2Fwp%2Fv2%2Fcomments&post=36163"}],"version-history":[{"count":1,"href":"https:\/\/encuentroinformativo.com.mx\/index.php?rest_route=\/wp\/v2\/posts\/36163\/revisions"}],"predecessor-version":[{"id":36165,"href":"https:\/\/encuentroinformativo.com.mx\/index.php?rest_route=\/wp\/v2\/posts\/36163\/revisions\/36165"}],"wp:featuredmedia":[{"embeddable":true,"href":"https:\/\/encuentroinformativo.com.mx\/index.php?rest_route=\/wp\/v2\/media\/36164"}],"wp:attachment":[{"href":"https:\/\/encuentroinformativo.com.mx\/index.php?rest_route=%2Fwp%2Fv2%2Fmedia&parent=36163"}],"wp:term":[{"taxonomy":"category","embeddable":true,"href":"https:\/\/encuentroinformativo.com.mx\/index.php?rest_route=%2Fwp%2Fv2%2Fcategories&post=36163"},{"taxonomy":"post_tag","embeddable":true,"href":"https:\/\/encuentroinformativo.com.mx\/index.php?rest_route=%2Fwp%2Fv2%2Ftags&post=36163"}],"curies":[{"name":"wp","href":"https:\/\/api.w.org\/{rel}","templated":true}]}}