{"id":36175,"date":"2023-01-31T16:34:41","date_gmt":"2023-01-31T22:34:41","guid":{"rendered":"https:\/\/encuentroinformativo.com.mx\/?p=36175"},"modified":"2023-01-31T16:34:45","modified_gmt":"2023-01-31T22:34:45","slug":"familiares-reclaman-busqueda-de-personas-desaparecidas-en-las-vigas","status":"publish","type":"post","link":"https:\/\/encuentroinformativo.com.mx\/?p=36175","title":{"rendered":"Familiares reclaman b\u00fasqueda de personas desaparecidas en Las Vigas"},"content":{"rendered":"\n<p><strong>Juan Arcos<\/strong> <\/p>\n\n\n\n<p>Xalapa, Ver.- Familiares de siete personas desaparecidas protestaron frente a Palacio de Gobierno, para exigir a las autoridades estatales que agilicen su b\u00fasqueda.<\/p>\n\n\n\n<p>Jos\u00e9 Zavaleta Hern\u00e1ndez, su hermano, su patr\u00f3n y otros cinco trabajadores desaparecieron el pasado 27 de julio en el municipio de Las Vigas, ubicado en el Valle de Perote.<\/p>\n\n\n\n<p>Ellos fueron contratados por una persona para trasladar maquinaria pesada con veh\u00edculos a la ciudad de Canc\u00fan, estado de Quintana Roo, pero fue la \u00faltima vez que tuvieron comunicaci\u00f3n con sus familias.<\/p>\n\n\n\n<p>Al d\u00eda siguiente de su desaparici\u00f3n, su parientes presentaron la denuncia en la Fiscal\u00eda General del Estado (FGE) y se integr\u00f3 la carpeta 255\/2022; sin embargo, no hay avances en las investigaciones y temen que hayan sido v\u00edctimas de un delito.<\/p>\n\n\n\n<p>De acuerdo con Guadalupe Zavaleta Jim\u00e9nez, hija de Jos\u00e9, han pasado ya seis meses desde que su padre y las otras personas se extraviaron y la Fiscal\u00eda no ha dado resultados.<\/p>\n\n\n\n<p>\u201cHasta ahorita fiscal\u00eda solamente ha avanzado con la s\u00e1bana de llamadas y eso ni siquiera est\u00e1n completas, hago esto para presionar un poco y para que se sepa algo de ellos\u201d, enfatiz\u00f3.<\/p>\n\n\n\n<p>La joven de 27 a\u00f1os record\u00f3 que su pap\u00e1 fue a trabajar con su patr\u00f3n y que la \u00faltima vez fue visto en Las Vigas de Ram\u00edrez. Hasta el momento, se desconoce en qu\u00e9 lugar fueron privados de su libertad. Ni siquiera los veh\u00edculos donde viajaban aparecieron.<\/p>\n\n\n\n<p>\u201cLos que desaparecieron son hombres, todos somos de bajos recursos, el \u00fanico que ten\u00eda dinero era el patr\u00f3n. Mi pap\u00e1 estar\u00eda cumpliendo 49 a\u00f1os el pr\u00f3ximo s\u00e1bado. Otro de ellos era mi t\u00edo, Isidro, tendr\u00eda como 42 a\u00f1os aproximadamente, y los dem\u00e1s son m\u00e1s de Veracruz. De Las Vigas son Samuel, Isidro, C\u00e9sar y mi pap\u00e1 Jos\u00e9\u201d, a\u00f1adi\u00f3.<\/p>\n\n\n\n<p>Los familiares han buscado a sus desaparecidos en el rancho Paso de la Milpa y en la zona de El Zapotito, pues el celular de Jos\u00e9 arroj\u00f3 esas ubicaciones; sin embargo, no hallaron indicios de su paradero.<\/p>\n\n\n\n<figure class=\"wp-block-image size-large\"><img loading=\"lazy\" decoding=\"async\" width=\"1024\" height=\"683\" src=\"https:\/\/encuentroinformativo.com.mx\/wp-content\/uploads\/2023\/01\/Photo_1675204241831-1024x683.jpg\" alt=\"\" class=\"wp-image-36177\" srcset=\"https:\/\/encuentroinformativo.com.mx\/wp-content\/uploads\/2023\/01\/Photo_1675204241831-1024x683.jpg 1024w, https:\/\/encuentroinformativo.com.mx\/wp-content\/uploads\/2023\/01\/Photo_1675204241831-300x200.jpg 300w, https:\/\/encuentroinformativo.com.mx\/wp-content\/uploads\/2023\/01\/Photo_1675204241831-768x512.jpg 768w, https:\/\/encuentroinformativo.com.mx\/wp-content\/uploads\/2023\/01\/Photo_1675204241831-1536x1024.jpg 1536w, https:\/\/encuentroinformativo.com.mx\/wp-content\/uploads\/2023\/01\/Photo_1675204241831.jpg 1968w\" sizes=\"auto, (max-width: 1024px) 100vw, 1024px\" \/><\/figure>\n","protected":false},"excerpt":{"rendered":"<p>Juan Arcos Xalapa, Ver.- Familiares de siete personas desaparecidas protestaron frente a Palacio de Gobierno, para exigir a las autoridades estatales que agilicen su b\u00fasqueda. Jos\u00e9 Zavaleta Hern\u00e1ndez, su hermano, su patr\u00f3n y otros cinco trabajadores desaparecieron el pasado 27 de julio en el municipio de Las Vigas, ubicado en el Valle de Perote. Ellos [&hellip;]<\/p>\n","protected":false},"author":2476,"featured_media":36176,"comment_status":"open","ping_status":"open","sticky":false,"template":"","format":"standard","meta":{"_jetpack_memberships_contains_paid_content":false,"footnotes":""},"categories":[8],"tags":[],"class_list":["post-36175","post","type-post","status-publish","format-standard","has-post-thumbnail","hentry","category-region"],"jetpack_featured_media_url":"https:\/\/encuentroinformativo.com.mx\/wp-content\/uploads\/2023\/01\/DSC_0678.jpg","jetpack_sharing_enabled":true,"jetpack_likes_enabled":true,"amp_enabled":true,"_links":{"self":[{"href":"https:\/\/encuentroinformativo.com.mx\/index.php?rest_route=\/wp\/v2\/posts\/36175","targetHints":{"allow":["GET"]}}],"collection":[{"href":"https:\/\/encuentroinformativo.com.mx\/index.php?rest_route=\/wp\/v2\/posts"}],"about":[{"href":"https:\/\/encuentroinformativo.com.mx\/index.php?rest_route=\/wp\/v2\/types\/post"}],"author":[{"embeddable":true,"href":"https:\/\/encuentroinformativo.com.mx\/index.php?rest_route=\/wp\/v2\/users\/2476"}],"replies":[{"embeddable":true,"href":"https:\/\/encuentroinformativo.com.mx\/index.php?rest_route=%2Fwp%2Fv2%2Fcomments&post=36175"}],"version-history":[{"count":1,"href":"https:\/\/encuentroinformativo.com.mx\/index.php?rest_route=\/wp\/v2\/posts\/36175\/revisions"}],"predecessor-version":[{"id":36178,"href":"https:\/\/encuentroinformativo.com.mx\/index.php?rest_route=\/wp\/v2\/posts\/36175\/revisions\/36178"}],"wp:featuredmedia":[{"embeddable":true,"href":"https:\/\/encuentroinformativo.com.mx\/index.php?rest_route=\/wp\/v2\/media\/36176"}],"wp:attachment":[{"href":"https:\/\/encuentroinformativo.com.mx\/index.php?rest_route=%2Fwp%2Fv2%2Fmedia&parent=36175"}],"wp:term":[{"taxonomy":"category","embeddable":true,"href":"https:\/\/encuentroinformativo.com.mx\/index.php?rest_route=%2Fwp%2Fv2%2Fcategories&post=36175"},{"taxonomy":"post_tag","embeddable":true,"href":"https:\/\/encuentroinformativo.com.mx\/index.php?rest_route=%2Fwp%2Fv2%2Ftags&post=36175"}],"curies":[{"name":"wp","href":"https:\/\/api.w.org\/{rel}","templated":true}]}}