{"id":36182,"date":"2023-01-31T17:52:16","date_gmt":"2023-01-31T23:52:16","guid":{"rendered":"https:\/\/encuentroinformativo.com.mx\/?p=36182"},"modified":"2023-01-31T17:52:20","modified_gmt":"2023-01-31T23:52:20","slug":"desestima-gobernador-reves-a-ley-nahle","status":"publish","type":"post","link":"https:\/\/encuentroinformativo.com.mx\/?p=36182","title":{"rendered":"Desestima gobernador rev\u00e9s a Ley Nahle"},"content":{"rendered":"\n<p><strong>Redacci\u00f3n<\/strong> <\/p>\n\n\n\n<p>Xalapa, Ver.- Ante el rev\u00e9s que emiti\u00f3 la Suprema Corte de Justicia de la Naci\u00f3n (SCJN) a la llamada Ley Nahle, el gobernador Cuitl\u00e1huac Garc\u00eda Jim\u00e9nez desestim\u00f3 la resolucion de la corte. <\/p>\n\n\n\n<p>En entrevista con medios de comunicaci\u00f3n en la zona centro, el ejecutivo estatal afirm\u00f3 que la actual secretaria de Energ\u00eda siempre ha podido competir y muestra de ello fue la elecci\u00f3n que gan\u00f3 como senadora.<\/p>\n\n\n\n<p>&#8220;No tiene ning\u00fan problema recuerden Roc\u00edo Nahle es senadora por Veracruz&#8221;.<\/p>\n\n\n\n<p>\u00bfEntonces si puede contender?<br>R= S\u00ed,  siempre ha podido, no m\u00e1s que los medios le pusieron su nombre , no se porqu\u00e9, ella puede competir es senadora.<\/p>\n\n\n\n<p>Cuestionado sobre si la determinaci\u00f3n de la Suprema Corte deja en entredicho el trabajo de los legisladores veracruzanos afirm\u00f3 que ellos cumplieron con su labor.<\/p>\n\n\n\n<p>&#8220;No (habla mal) porque es atribuci\u00f3n de la primera corte considerar y el Congreso hizo su labor&#8230; es atribuci\u00f3n (tirar una  ley) de la Suprema Corte y hacer leyes es atribuci\u00f3n del Congreso&#8221;, puntualiz\u00f3.<\/p>\n","protected":false},"excerpt":{"rendered":"<p>Redacci\u00f3n Xalapa, Ver.- Ante el rev\u00e9s que emiti\u00f3 la Suprema Corte de Justicia de la Naci\u00f3n (SCJN) a la llamada Ley Nahle, el gobernador Cuitl\u00e1huac Garc\u00eda Jim\u00e9nez desestim\u00f3 la resolucion de la corte. En entrevista con medios de comunicaci\u00f3n en la zona centro, el ejecutivo estatal afirm\u00f3 que la actual secretaria de Energ\u00eda siempre ha [&hellip;]<\/p>\n","protected":false},"author":2476,"featured_media":36183,"comment_status":"open","ping_status":"open","sticky":false,"template":"","format":"standard","meta":{"_jetpack_memberships_contains_paid_content":false,"footnotes":""},"categories":[2],"tags":[],"class_list":["post-36182","post","type-post","status-publish","format-standard","has-post-thumbnail","hentry","category-estado"],"jetpack_featured_media_url":"https:\/\/encuentroinformativo.com.mx\/wp-content\/uploads\/2023\/01\/IMG-20230131-WA01282.jpg","jetpack_sharing_enabled":true,"jetpack_likes_enabled":true,"amp_enabled":true,"_links":{"self":[{"href":"https:\/\/encuentroinformativo.com.mx\/index.php?rest_route=\/wp\/v2\/posts\/36182","targetHints":{"allow":["GET"]}}],"collection":[{"href":"https:\/\/encuentroinformativo.com.mx\/index.php?rest_route=\/wp\/v2\/posts"}],"about":[{"href":"https:\/\/encuentroinformativo.com.mx\/index.php?rest_route=\/wp\/v2\/types\/post"}],"author":[{"embeddable":true,"href":"https:\/\/encuentroinformativo.com.mx\/index.php?rest_route=\/wp\/v2\/users\/2476"}],"replies":[{"embeddable":true,"href":"https:\/\/encuentroinformativo.com.mx\/index.php?rest_route=%2Fwp%2Fv2%2Fcomments&post=36182"}],"version-history":[{"count":1,"href":"https:\/\/encuentroinformativo.com.mx\/index.php?rest_route=\/wp\/v2\/posts\/36182\/revisions"}],"predecessor-version":[{"id":36184,"href":"https:\/\/encuentroinformativo.com.mx\/index.php?rest_route=\/wp\/v2\/posts\/36182\/revisions\/36184"}],"wp:featuredmedia":[{"embeddable":true,"href":"https:\/\/encuentroinformativo.com.mx\/index.php?rest_route=\/wp\/v2\/media\/36183"}],"wp:attachment":[{"href":"https:\/\/encuentroinformativo.com.mx\/index.php?rest_route=%2Fwp%2Fv2%2Fmedia&parent=36182"}],"wp:term":[{"taxonomy":"category","embeddable":true,"href":"https:\/\/encuentroinformativo.com.mx\/index.php?rest_route=%2Fwp%2Fv2%2Fcategories&post=36182"},{"taxonomy":"post_tag","embeddable":true,"href":"https:\/\/encuentroinformativo.com.mx\/index.php?rest_route=%2Fwp%2Fv2%2Ftags&post=36182"}],"curies":[{"name":"wp","href":"https:\/\/api.w.org\/{rel}","templated":true}]}}