{"id":36202,"date":"2023-02-01T10:33:24","date_gmt":"2023-02-01T16:33:24","guid":{"rendered":"https:\/\/encuentroinformativo.com.mx\/?p=36202"},"modified":"2023-02-01T10:33:28","modified_gmt":"2023-02-01T16:33:28","slug":"nahle-respira-sepa-si-aspira","status":"publish","type":"post","link":"https:\/\/encuentroinformativo.com.mx\/?p=36202","title":{"rendered":"NAHLE, RESPIRA; SEPA SI ASPIRA"},"content":{"rendered":"\n<p><strong>Los Pol\u00edticos<\/strong><\/p>\n\n\n\n<p><strong>Salvador Mu\u00f1oz<\/strong><\/p>\n\n\n\n<p>La Suprema Corte de Justicia de la Naci\u00f3n dio ayer un madrazo con rebote: el madrazo fue para el Congreso local de Veracruz por los tintes legislativos que conlleva su resoluci\u00f3n; el rebote fue para Roc\u00edo Nahle, con tinte pol\u00edtico, y si me apuran, en percepci\u00f3n, en imagen y hasta en el ego\u2026 me explico\u2026<\/p>\n\n\n\n<p>En el primer punto, la situaci\u00f3n legislativa la defini\u00f3 ayer con mucha precisi\u00f3n la piedra en el zapato de la Mayor\u00eda Legislativa, el panista Miguel Hermida Copado, cuando sorraj\u00f3 con todo y entripado de la Presidente de la Mesa de la Mesa Directiva, que Morena no ha hecho historia, sino el rid\u00edculo despu\u00e9s de que por en\u00e9sima ocasi\u00f3n, la SCJN enmendara la plana al Congreso local con respecto a la Ley Nahle.<\/p>\n\n\n\n<p>En el segundo punto, el madrazo lo recibe de pechito la secretaria de Energ\u00eda por una simple raz\u00f3n: Ley Nahle, que fue el nombre que se le dio a esta propuesta, de que los no nacidos en Veracruz, pero con hijos nacidos en la entidad, puedan aspirar a ser candidatos a la Gubernatura\u2026<\/p>\n\n\n\n<p>S\u00ed, pudo ser llamada Ley Ahued (pachuco), Ley Valenzuela (por el legislador federal Carlos Valenzuela, poblano), Ley Moncho (por Ram\u00f3n D\u00edaz Avila, regiomontano), pero la intenci\u00f3n burda, sonajera, matraquera, estaba dirigida a Roc\u00edo Nahle\u2026 \u00bfpor qu\u00e9? devan\u00e1ndose los sesos uno concluye que el objetivo primario era posicionar a la oriunda de Zacatecas pero avecindada hace un chorro de a\u00f1os en Coatzacoalcos, bajo los reflectores de los comentaristas, de los pol\u00edticos y por ende, con repercusi\u00f3n entre los veracruzanos que no conoc\u00edan a la nueva camada de pol\u00edticos surgidos en Morena, entre ellos Roc\u00edo\u2026 al menos los que se conoc\u00edan en Morena fueron los que saltaron del PAN y del PRI a ese partido\u2026<\/p>\n\n\n\n<p>La Ley Nahle simplemente no le serv\u00eda ni para un carajo a la secretaria de Energ\u00eda en su pretensi\u00f3n de ser candidata a la Gubernatura\u2026 la Carta Magna la protege, la ampara y la cobija\u2026 s\u00ed puede ser candidata aun por encima de lo que diga la Constituci\u00f3n local del Estado de Veracruz:<\/p>\n\n\n\n<p>\u201cS\u00f3lo podr\u00e1 ser gobernador constitucional de un Estado un ciudadano mexicano por nacimiento y nativo de \u00e9l, o con residencia efectiva no menor de cinco a\u00f1os inmediatamente anteriores al d\u00eda de los comicios, y tener 30 a\u00f1os cumplidos el d\u00eda de la elecci\u00f3n, o menos\u2026\u201d<\/p>\n\n\n\n<p>\u00bfQu\u00e9 le queda a los Nahlistas? Tratar de quitarle ese madrazo medi\u00e1tico cuando se emple\u00f3 \u201cLey Nahle\u201d en las noticias, como si fuera ella la afectada directamente cuando no es as\u00ed &#8230; y eso ayer al menos, en el Congreso local, los morenos en voz de Juan Javier G\u00f3mez Cazar\u00edn, salieron a \u201csobarle\u201d.<\/p>\n\n\n\n<p>Ahora, que digan que va a estar en la boleta en el 2024, eso es otro cantar\u2026 por buenos deseos es claro que muchos morenos no paran. Y dijera Yogi Berra: \u201cEsto no se acaba, hasta que se acaba\u201d.<\/p>\n\n\n\n<p>Ahora, guste o no, aun con la decisi\u00f3n de la SCJN, Nahle todav\u00eda respira\u2026 no s\u00e9 si aspira, porque entre ella y Cheko, a quien se le ven m\u00e1s ganas es a su vecino, el minatitleco, y si me apuran, hasta a los seguidores de Roc\u00edo\u2026 si se midiera esto por pasi\u00f3n, Roc\u00edo no la transmite.<\/p>\n","protected":false},"excerpt":{"rendered":"<p>Los Pol\u00edticos Salvador Mu\u00f1oz La Suprema Corte de Justicia de la Naci\u00f3n dio ayer un madrazo con rebote: el madrazo fue para el Congreso local de Veracruz por los tintes legislativos que conlleva su resoluci\u00f3n; el rebote fue para Roc\u00edo Nahle, con tinte pol\u00edtico, y si me apuran, en percepci\u00f3n, en imagen y hasta en [&hellip;]<\/p>\n","protected":false},"author":2476,"featured_media":387,"comment_status":"open","ping_status":"open","sticky":false,"template":"","format":"standard","meta":{"_jetpack_memberships_contains_paid_content":false,"footnotes":""},"categories":[11],"tags":[],"class_list":["post-36202","post","type-post","status-publish","format-standard","has-post-thumbnail","hentry","category-opinion"],"jetpack_featured_media_url":"https:\/\/encuentroinformativo.com.mx\/wp-content\/uploads\/2020\/03\/7CF8A22B-2764-47BE-8F7F-38FE9E5D6A2F.jpeg","jetpack_sharing_enabled":true,"jetpack_likes_enabled":true,"amp_enabled":true,"_links":{"self":[{"href":"https:\/\/encuentroinformativo.com.mx\/index.php?rest_route=\/wp\/v2\/posts\/36202","targetHints":{"allow":["GET"]}}],"collection":[{"href":"https:\/\/encuentroinformativo.com.mx\/index.php?rest_route=\/wp\/v2\/posts"}],"about":[{"href":"https:\/\/encuentroinformativo.com.mx\/index.php?rest_route=\/wp\/v2\/types\/post"}],"author":[{"embeddable":true,"href":"https:\/\/encuentroinformativo.com.mx\/index.php?rest_route=\/wp\/v2\/users\/2476"}],"replies":[{"embeddable":true,"href":"https:\/\/encuentroinformativo.com.mx\/index.php?rest_route=%2Fwp%2Fv2%2Fcomments&post=36202"}],"version-history":[{"count":1,"href":"https:\/\/encuentroinformativo.com.mx\/index.php?rest_route=\/wp\/v2\/posts\/36202\/revisions"}],"predecessor-version":[{"id":36203,"href":"https:\/\/encuentroinformativo.com.mx\/index.php?rest_route=\/wp\/v2\/posts\/36202\/revisions\/36203"}],"wp:featuredmedia":[{"embeddable":true,"href":"https:\/\/encuentroinformativo.com.mx\/index.php?rest_route=\/wp\/v2\/media\/387"}],"wp:attachment":[{"href":"https:\/\/encuentroinformativo.com.mx\/index.php?rest_route=%2Fwp%2Fv2%2Fmedia&parent=36202"}],"wp:term":[{"taxonomy":"category","embeddable":true,"href":"https:\/\/encuentroinformativo.com.mx\/index.php?rest_route=%2Fwp%2Fv2%2Fcategories&post=36202"},{"taxonomy":"post_tag","embeddable":true,"href":"https:\/\/encuentroinformativo.com.mx\/index.php?rest_route=%2Fwp%2Fv2%2Ftags&post=36202"}],"curies":[{"name":"wp","href":"https:\/\/api.w.org\/{rel}","templated":true}]}}