{"id":36204,"date":"2023-02-01T11:12:47","date_gmt":"2023-02-01T17:12:47","guid":{"rendered":"https:\/\/encuentroinformativo.com.mx\/?p=36204"},"modified":"2023-02-01T11:12:51","modified_gmt":"2023-02-01T17:12:51","slug":"exige-diputada-mayor-vinculacion-con-autoridades-para-prevencion-del-delito","status":"publish","type":"post","link":"https:\/\/encuentroinformativo.com.mx\/?p=36204","title":{"rendered":"Exige diputada mayor vinculaci\u00f3n con autoridades para prevenci\u00f3n del delito"},"content":{"rendered":"\n<p><strong>Alejandro \u00c1vila<\/strong><\/p>\n\n\n\n<p>Veracruz, Ver.- La diputada local, Ver\u00f3nica Pulido Herrera ofreci\u00f3 una rueda de prensa para informar que solicit\u00f3 mayor vinculaci\u00f3n de la Secretar\u00eda de Seguridad P\u00fablica (SSP) y Fiscal\u00eda General del Estado (FGE) en la prevenci\u00f3n de los delitos de violencia de g\u00e9nero.<\/p>\n\n\n\n<p>La panista mencion\u00f3 que este martes present\u00f3 una iniciativa en el Congreso de Veracruz d\u00f3nde pide se reformen y adicionen diversas disposiciones a la Ley de Acceso a las Mujeres a una Vida Libre de Violencia.<\/p>\n\n\n\n<p>Pulido Herrera lament\u00f3 que el estado de Veracruz haya cerrado el 2022 con 85 feminicidios, seg\u00fan datos recabados por el Observatorio Universitario de Violencia contra las Mujeres; mientras que el Secretariado de Ejecutivo de Seguridad P\u00fablica coloca a Veracruz en segundo lugar a nivel nacional en secuestros, segundo lugar nacional de delitos de violencia de g\u00e9nero distintos la violencia familiar con m\u00e1s de 1 600 casos en 2022.<\/p>\n\n\n\n<p>&#8220;Creo que por eso la importancia de esta iniciativa, qu\u00e9 va precisamente en qu\u00e9 se hagan acciones de competencia de prevenci\u00f3n, y sobre todo en esta parte de coadyuvar con lo que le competen a la Secretar\u00eda de Seguridad P\u00fablica y a la Fiscal\u00eda General del Estado&#8221;.<\/p>\n\n\n\n<p>&#8220;Hice la menci\u00f3n de que se haga de los municipios donde hay m\u00e1s frecuencia de delitos y tambi\u00e9n en las comunidades ind\u00edgenas. Que a trav\u00e9s de las facultades que tiene el Instituto Veracruzano de las Mujeres, pues se realicen campa\u00f1as en lengua ind\u00edgena, y qu\u00e9 est\u00e1s campa\u00f1as de difusi\u00f3n tanto en espa\u00f1ol como en lenguas, permitan a la poblaci\u00f3n qu\u00e9 se conozcan est\u00e1s conductas constituyentes de los delitos de violencia de g\u00e9nero, cu\u00e1les son estas acciones y las penalidades a las que se sujetar\u00edan estas personas se cometan estos delitos&#8221;, fustig\u00f3.<\/p>\n\n\n\n<p>Ver\u00f3nica Pulido Herrera expuso que a la iniciativa presentada se sumaron inmediatamente 12 legisladoras de diversos partidos, con qui\u00e9nes dijo promover\u00e1 que se pueda concretar lo antes posible.<\/p>\n","protected":false},"excerpt":{"rendered":"<p>Alejandro \u00c1vila Veracruz, Ver.- La diputada local, Ver\u00f3nica Pulido Herrera ofreci\u00f3 una rueda de prensa para informar que solicit\u00f3 mayor vinculaci\u00f3n de la Secretar\u00eda de Seguridad P\u00fablica (SSP) y Fiscal\u00eda General del Estado (FGE) en la prevenci\u00f3n de los delitos de violencia de g\u00e9nero. La panista mencion\u00f3 que este martes present\u00f3 una iniciativa en el [&hellip;]<\/p>\n","protected":false},"author":2476,"featured_media":36205,"comment_status":"open","ping_status":"open","sticky":false,"template":"","format":"standard","meta":{"_jetpack_memberships_contains_paid_content":false,"footnotes":""},"categories":[2],"tags":[],"class_list":["post-36204","post","type-post","status-publish","format-standard","has-post-thumbnail","hentry","category-estado"],"jetpack_featured_media_url":"https:\/\/encuentroinformativo.com.mx\/wp-content\/uploads\/2023\/02\/IMG-20230201-WA00422.jpg","jetpack_sharing_enabled":true,"jetpack_likes_enabled":true,"amp_enabled":true,"_links":{"self":[{"href":"https:\/\/encuentroinformativo.com.mx\/index.php?rest_route=\/wp\/v2\/posts\/36204","targetHints":{"allow":["GET"]}}],"collection":[{"href":"https:\/\/encuentroinformativo.com.mx\/index.php?rest_route=\/wp\/v2\/posts"}],"about":[{"href":"https:\/\/encuentroinformativo.com.mx\/index.php?rest_route=\/wp\/v2\/types\/post"}],"author":[{"embeddable":true,"href":"https:\/\/encuentroinformativo.com.mx\/index.php?rest_route=\/wp\/v2\/users\/2476"}],"replies":[{"embeddable":true,"href":"https:\/\/encuentroinformativo.com.mx\/index.php?rest_route=%2Fwp%2Fv2%2Fcomments&post=36204"}],"version-history":[{"count":1,"href":"https:\/\/encuentroinformativo.com.mx\/index.php?rest_route=\/wp\/v2\/posts\/36204\/revisions"}],"predecessor-version":[{"id":36206,"href":"https:\/\/encuentroinformativo.com.mx\/index.php?rest_route=\/wp\/v2\/posts\/36204\/revisions\/36206"}],"wp:featuredmedia":[{"embeddable":true,"href":"https:\/\/encuentroinformativo.com.mx\/index.php?rest_route=\/wp\/v2\/media\/36205"}],"wp:attachment":[{"href":"https:\/\/encuentroinformativo.com.mx\/index.php?rest_route=%2Fwp%2Fv2%2Fmedia&parent=36204"}],"wp:term":[{"taxonomy":"category","embeddable":true,"href":"https:\/\/encuentroinformativo.com.mx\/index.php?rest_route=%2Fwp%2Fv2%2Fcategories&post=36204"},{"taxonomy":"post_tag","embeddable":true,"href":"https:\/\/encuentroinformativo.com.mx\/index.php?rest_route=%2Fwp%2Fv2%2Ftags&post=36204"}],"curies":[{"name":"wp","href":"https:\/\/api.w.org\/{rel}","templated":true}]}}