{"id":3621,"date":"2020-06-25T13:45:03","date_gmt":"2020-06-25T18:45:03","guid":{"rendered":"https:\/\/encuentroinformativo.com\/?p=3621"},"modified":"2020-06-25T13:45:06","modified_gmt":"2020-06-25T18:45:06","slug":"ante-amenazas-comerciantes-reclaman-dialogo-con-autoridades","status":"publish","type":"post","link":"https:\/\/encuentroinformativo.com.mx\/?p=3621","title":{"rendered":"Ante amenazas, comerciantes reclaman di\u00e1logo con autoridades"},"content":{"rendered":"\n<p><strong>Dar\u00edo Pale <\/strong><\/p>\n\n\n\n<p>Xalapa, Ver.- Debido a que el d\u00eda de ayer fueron amenazados por personal de diferentes secretar\u00edas de gobierno los comerciantes de Xalapa se presentaron en la Plaza Lerdo para demandar di\u00e1logo con las autoridades estatales y municipales para que puedan abrir sus negocios con todas las medidas sanitarias recomendadas.<\/p>\n\n\n\n<p>Entrevistados durante la manifestaci\u00f3n dieron a conocer que no pueden mantener m\u00e1s tiempo sus comercios cerrados porque deben pagar renta y servicios cuyos cobros les llegan puntualmente.<\/p>\n\n\n\n<p>Cabe recordar que el d\u00eda de ayer, comerciantes de la calle Constituci\u00f3n en esta ciudad protestaron porque personal de la Secretar\u00eda de Salud y del ayuntamiento de Xalapa les exigieron que cerraran sus comercios por considerarlos como no esenciales.<\/p>\n\n\n\n<p>Indicaron que cuatro personas de las instituciones mencionadas llegaron y sin m\u00e1s les exigieron cerrar sus negocios y que los acusaron de propagar el Covid-19 por mantener sus comercios abiertos.<\/p>\n\n\n\n<p>Dieron a conocer que ante la actitud y prepotencia del personal mencionado les comentaron que ellos est\u00e1n dispuestos a cerrar sus locales pero que ellos al mismo tiempo dejen de cobrar sus salarios para que la situaci\u00f3n sea justa para todos.<\/p>\n\n\n\n<p>Denunciaron que tanto ayer como hoy personal del ayuntamiento de Xalapa, de Protecci\u00f3n Civil y de la Secretaria de Salud llegaron a amenazarlos si no cierran sus comercios en un plazo de 24 horas y que incluso los calificaron de ser los autores de la propagaci\u00f3n de Covid-19.<\/p>\n\n\n\n<p>\u201cEse personal que no debe estar en dependencias de gobierno por su prepotencia nos acus\u00f3 de que por nuestra culpa mucha gente se est\u00e1 contagiando; adem\u00e1s, de manera prepotente, grosera, nos fueron a ordenar que cerr\u00e1ramos o que nos multar\u00edan por no hacerlo\u201d, indicaron.<\/p>\n\n\n\n<p>Los comerciantes manifestaron que al igual que ayer, ellos est\u00e1n dispuestos a cerrar pero que ellos tambi\u00e9n dejen de cobrar sus salarios para estar en las mismas condiciones o se les otorguen apoyos para sostener a sus familias y pagar sus rentas y servicios.<\/p>\n\n\n\n<p>En la Plaza Lerdo y ante representantes del gobierno del estado, los comerciantes entregaron recibos de pago de rentas y servicios que deben pagar y que no pueden hacerlo porque sus comercios est\u00e1n cerrados.<\/p>\n\n\n\n<p>\u201cNosotros sabemos que el presupuesto del gobierno del estado es de 129 mil millones para esta a\u00f1o y de ello a las peque\u00f1as empresas no les han entregado nada, por ello esperamos que se nos apoye para hacer frente a todos los compromisos que tenemos.<\/p>\n\n\n\n<p>Si no se nos va a apoyar, entonces exigimos que se nos deje trabajar para poder solventar todos los gastos que tenemos porque as\u00ed como nosotros est\u00e1n miles de comerciantes en la ciudad\u201d, finalizaron.\u00a0<\/p>\n\n\n\n<figure class=\"wp-block-image size-large\"><img loading=\"lazy\" decoding=\"async\" width=\"869\" height=\"499\" src=\"https:\/\/encuentroinformativo.com.mx\/wp-content\/uploads\/2020\/06\/718C9AC7-09A2-4F6D-8AE9-C6CBE82DCAB6.jpeg\" alt=\"\" class=\"wp-image-3623\" srcset=\"https:\/\/encuentroinformativo.com.mx\/wp-content\/uploads\/2020\/06\/718C9AC7-09A2-4F6D-8AE9-C6CBE82DCAB6.jpeg 869w, https:\/\/encuentroinformativo.com.mx\/wp-content\/uploads\/2020\/06\/718C9AC7-09A2-4F6D-8AE9-C6CBE82DCAB6-300x172.jpeg 300w, https:\/\/encuentroinformativo.com.mx\/wp-content\/uploads\/2020\/06\/718C9AC7-09A2-4F6D-8AE9-C6CBE82DCAB6-768x441.jpeg 768w\" sizes=\"auto, (max-width: 869px) 100vw, 869px\" \/><\/figure>\n","protected":false},"excerpt":{"rendered":"<p>Dar\u00edo Pale Xalapa, Ver.- Debido a que el d\u00eda de ayer fueron amenazados por personal de diferentes secretar\u00edas de gobierno los comerciantes de Xalapa se presentaron en la Plaza Lerdo para demandar di\u00e1logo con las autoridades estatales y municipales para que puedan abrir sus negocios con todas las medidas sanitarias recomendadas. Entrevistados durante la manifestaci\u00f3n [&hellip;]<\/p>\n","protected":false},"author":1,"featured_media":3622,"comment_status":"open","ping_status":"open","sticky":false,"template":"","format":"standard","meta":{"_jetpack_memberships_contains_paid_content":false,"footnotes":""},"categories":[3],"tags":[],"class_list":["post-3621","post","type-post","status-publish","format-standard","has-post-thumbnail","hentry","category-xalapa"],"jetpack_featured_media_url":"https:\/\/encuentroinformativo.com.mx\/wp-content\/uploads\/2020\/06\/AA7BCBC3-A8DF-4168-9FDD-A6FBC65B30EB.jpeg","jetpack_sharing_enabled":true,"jetpack_likes_enabled":true,"amp_enabled":true,"_links":{"self":[{"href":"https:\/\/encuentroinformativo.com.mx\/index.php?rest_route=\/wp\/v2\/posts\/3621","targetHints":{"allow":["GET"]}}],"collection":[{"href":"https:\/\/encuentroinformativo.com.mx\/index.php?rest_route=\/wp\/v2\/posts"}],"about":[{"href":"https:\/\/encuentroinformativo.com.mx\/index.php?rest_route=\/wp\/v2\/types\/post"}],"author":[{"embeddable":true,"href":"https:\/\/encuentroinformativo.com.mx\/index.php?rest_route=\/wp\/v2\/users\/1"}],"replies":[{"embeddable":true,"href":"https:\/\/encuentroinformativo.com.mx\/index.php?rest_route=%2Fwp%2Fv2%2Fcomments&post=3621"}],"version-history":[{"count":1,"href":"https:\/\/encuentroinformativo.com.mx\/index.php?rest_route=\/wp\/v2\/posts\/3621\/revisions"}],"predecessor-version":[{"id":3624,"href":"https:\/\/encuentroinformativo.com.mx\/index.php?rest_route=\/wp\/v2\/posts\/3621\/revisions\/3624"}],"wp:featuredmedia":[{"embeddable":true,"href":"https:\/\/encuentroinformativo.com.mx\/index.php?rest_route=\/wp\/v2\/media\/3622"}],"wp:attachment":[{"href":"https:\/\/encuentroinformativo.com.mx\/index.php?rest_route=%2Fwp%2Fv2%2Fmedia&parent=3621"}],"wp:term":[{"taxonomy":"category","embeddable":true,"href":"https:\/\/encuentroinformativo.com.mx\/index.php?rest_route=%2Fwp%2Fv2%2Fcategories&post=3621"},{"taxonomy":"post_tag","embeddable":true,"href":"https:\/\/encuentroinformativo.com.mx\/index.php?rest_route=%2Fwp%2Fv2%2Ftags&post=3621"}],"curies":[{"name":"wp","href":"https:\/\/api.w.org\/{rel}","templated":true}]}}