{"id":36217,"date":"2023-02-01T13:33:18","date_gmt":"2023-02-01T19:33:18","guid":{"rendered":"https:\/\/encuentroinformativo.com.mx\/?p=36217"},"modified":"2023-02-01T13:33:22","modified_gmt":"2023-02-01T19:33:22","slug":"aumentan-remesas-de-veracruzanos-radicados-en-eeuu","status":"publish","type":"post","link":"https:\/\/encuentroinformativo.com.mx\/?p=36217","title":{"rendered":"Aumentan remesas de veracruzanos radicados en EEUU"},"content":{"rendered":"\n<p><strong>Juan Arcos<\/strong> <\/p>\n\n\n\n<p>Xalapa, Ver.- Hay un promedio de 850 mil veracruzanos que migraron a Estados Unidos, trabajan y que env\u00edan dinero a sus familias.<\/p>\n\n\n\n<p>De acuerdo con el director general de Atenci\u00f3n a Migrantes en Veracruz, Carlos Enrique Escalante Igual, dicha cifra no ha cambiado en los \u00faltimos siete a\u00f1os, seg\u00fan los reportes de autoridades estatales y federales.<\/p>\n\n\n\n<p>\u201cUnos van y otros regresan, pues la mayor\u00eda que hace vida en Estados Unidos su idea es siempre regresar a su tierra natal\u201d, detall\u00f3.<\/p>\n\n\n\n<p>Escalante Igual destac\u00f3 que las remesas aumentaron 17 por ciento a finales del a\u00f1o pasado, situaci\u00f3n que favorece a la econom\u00eda mexicana.<\/p>\n\n\n\n<p>&#8220;Eso quiere decir que est\u00e1n siendo bien pagados y que tienen mucho trabajo. Hay asociaciones que hacen tr\u00e1mites migratorios para llevar migrantes de forma legal y est\u00e1n controlados, pero los que van no documentados s\u00ed tienen mucha demanda, Estados Unidos necesita mucho la mano de obra de los veracruzanos. Esto ayuda mucho a la econom\u00eda mexicana\u201d, refiri\u00f3.<\/p>\n\n\n\n<p>El funcionario estatal tambi\u00e9n detall\u00f3 que el mayor n\u00famero de veracruzanos que ha migrado a Estados Unidos de Norteam\u00e9rica radicaba en municipios de la zona centro y norte de esta entidad.<\/p>\n\n\n\n<p>Las mismas familias reportan que la mayor incidencia migratoria ha ocurrido en Misantla, Nautla, Mart\u00ednez de la Torre y Xalapa.<\/p>\n\n\n\n<p>\u201cToda la zona que es Xalapa, Misantla, Nautla y Mart\u00ednez de la Torre, toda esa zona monta\u00f1osa es donde m\u00e1s migrantes tenemos\u201d, remat\u00f3.<\/p>\n","protected":false},"excerpt":{"rendered":"<p>Juan Arcos Xalapa, Ver.- Hay un promedio de 850 mil veracruzanos que migraron a Estados Unidos, trabajan y que env\u00edan dinero a sus familias. De acuerdo con el director general de Atenci\u00f3n a Migrantes en Veracruz, Carlos Enrique Escalante Igual, dicha cifra no ha cambiado en los \u00faltimos siete a\u00f1os, seg\u00fan los reportes de autoridades [&hellip;]<\/p>\n","protected":false},"author":2476,"featured_media":36218,"comment_status":"open","ping_status":"open","sticky":false,"template":"","format":"standard","meta":{"_jetpack_memberships_contains_paid_content":false,"footnotes":""},"categories":[2],"tags":[],"class_list":["post-36217","post","type-post","status-publish","format-standard","has-post-thumbnail","hentry","category-estado"],"jetpack_featured_media_url":"https:\/\/encuentroinformativo.com.mx\/wp-content\/uploads\/2023\/02\/IMG_9912.jpg","jetpack_sharing_enabled":true,"jetpack_likes_enabled":true,"amp_enabled":true,"_links":{"self":[{"href":"https:\/\/encuentroinformativo.com.mx\/index.php?rest_route=\/wp\/v2\/posts\/36217","targetHints":{"allow":["GET"]}}],"collection":[{"href":"https:\/\/encuentroinformativo.com.mx\/index.php?rest_route=\/wp\/v2\/posts"}],"about":[{"href":"https:\/\/encuentroinformativo.com.mx\/index.php?rest_route=\/wp\/v2\/types\/post"}],"author":[{"embeddable":true,"href":"https:\/\/encuentroinformativo.com.mx\/index.php?rest_route=\/wp\/v2\/users\/2476"}],"replies":[{"embeddable":true,"href":"https:\/\/encuentroinformativo.com.mx\/index.php?rest_route=%2Fwp%2Fv2%2Fcomments&post=36217"}],"version-history":[{"count":1,"href":"https:\/\/encuentroinformativo.com.mx\/index.php?rest_route=\/wp\/v2\/posts\/36217\/revisions"}],"predecessor-version":[{"id":36219,"href":"https:\/\/encuentroinformativo.com.mx\/index.php?rest_route=\/wp\/v2\/posts\/36217\/revisions\/36219"}],"wp:featuredmedia":[{"embeddable":true,"href":"https:\/\/encuentroinformativo.com.mx\/index.php?rest_route=\/wp\/v2\/media\/36218"}],"wp:attachment":[{"href":"https:\/\/encuentroinformativo.com.mx\/index.php?rest_route=%2Fwp%2Fv2%2Fmedia&parent=36217"}],"wp:term":[{"taxonomy":"category","embeddable":true,"href":"https:\/\/encuentroinformativo.com.mx\/index.php?rest_route=%2Fwp%2Fv2%2Fcategories&post=36217"},{"taxonomy":"post_tag","embeddable":true,"href":"https:\/\/encuentroinformativo.com.mx\/index.php?rest_route=%2Fwp%2Fv2%2Ftags&post=36217"}],"curies":[{"name":"wp","href":"https:\/\/api.w.org\/{rel}","templated":true}]}}