{"id":36242,"date":"2023-02-02T10:13:03","date_gmt":"2023-02-02T16:13:03","guid":{"rendered":"https:\/\/encuentroinformativo.com.mx\/?p=36242"},"modified":"2023-02-02T10:13:06","modified_gmt":"2023-02-02T16:13:06","slug":"se-conjura-huelga-en-la-uv","status":"publish","type":"post","link":"https:\/\/encuentroinformativo.com.mx\/?p=36242","title":{"rendered":"Se conjura huelga en la UV"},"content":{"rendered":"\n<p><strong>Juan Arcos <\/strong><\/p>\n\n\n\n<p>Xalapa, Ver.- Despu\u00e9s de varios dichas de marchas y manifestaciones para exigir un incremento salarial del 20 por ciento, el Sindicato Estatal de Trabajadores al Servicio de la Universidad Veracruzana (Setsuv) logr\u00f3 un acuerdo con autoridades universitarias y se conjur\u00f3 la huelga.<\/p>\n\n\n\n<p>La Universidad Veracruzana (UV) inform\u00f3 en un breve comunicado que, en revisi\u00f3n salarial, el Setsuv acept\u00f3 el incremento del 4 por ciento directo al salario para el a\u00f1o 2023, que se ver\u00e1 reflejado en la primera quincena del mes de febrero.<\/p>\n\n\n\n<p>Tambi\u00e9n revel\u00f3 que, en esta ocasi\u00f3n, 2 mil 181 trabajadores administrativos, t\u00e9cnicos y manuales de dicha organizaci\u00f3n sindical, recibir\u00e1n, independientemente del 4 por ciento, un incremento que va desde el 0.5 al 2.5 por ciento a su salario.<\/p>\n\n\n\n<p>En la Sala de Juntas de Rector\u00eda se llev\u00f3 a cabo la firma del convenio entre el rector de la UV, Mart\u00edn Aguilar S\u00e1nchez, y el secretario general del Setsuv, Juan Mendoza Guti\u00e9rrez.<\/p>\n\n\n\n<p>\u201cCon ello, la Universidad Veracruzana cumple con los compromisos para continuar en la mejora de las condiciones laborales de los trabajadores de esta casa de estudios\u201d, se lee en el bolet\u00edn.<\/p>\n\n\n\n<p>Ayer mi\u00e9rcoles los agremiados marcharon de su sindicato a Plaza Sebasti\u00e1n Lerdo de Tejada donde bloquearon la calle Juan de la Luz Enr\u00edquez para exigir una propuesta m\u00e1s positiva por parte de la Rector\u00eda.<\/p>\n\n\n\n<p>Los trabajadores mencionaron que los precios de la canasta b\u00e1sica han repuntado por la inflaci\u00f3n y que requer\u00edan un mayor aumento salarial para hacer frente a la problem\u00e1tica.<\/p>\n\n\n\n<p>Sin embargo, el Setsuv acept\u00f3 la propuesta que hab\u00eda planteado desde un inicio sobre el incremento salarial del 4 por ciento, por lo que se conjur\u00f3 la huelga programada para las siete de la ma\u00f1ana de este jueves 2 de febrero.<\/p>\n","protected":false},"excerpt":{"rendered":"<p>Juan Arcos Xalapa, Ver.- Despu\u00e9s de varios dichas de marchas y manifestaciones para exigir un incremento salarial del 20 por ciento, el Sindicato Estatal de Trabajadores al Servicio de la Universidad Veracruzana (Setsuv) logr\u00f3 un acuerdo con autoridades universitarias y se conjur\u00f3 la huelga. La Universidad Veracruzana (UV) inform\u00f3 en un breve comunicado que, en [&hellip;]<\/p>\n","protected":false},"author":2476,"featured_media":36243,"comment_status":"open","ping_status":"open","sticky":false,"template":"","format":"standard","meta":{"_jetpack_memberships_contains_paid_content":false,"footnotes":""},"categories":[2],"tags":[],"class_list":["post-36242","post","type-post","status-publish","format-standard","has-post-thumbnail","hentry","category-estado"],"jetpack_featured_media_url":"https:\/\/encuentroinformativo.com.mx\/wp-content\/uploads\/2023\/02\/IMG_0512.jpg","jetpack_sharing_enabled":true,"jetpack_likes_enabled":true,"amp_enabled":true,"_links":{"self":[{"href":"https:\/\/encuentroinformativo.com.mx\/index.php?rest_route=\/wp\/v2\/posts\/36242","targetHints":{"allow":["GET"]}}],"collection":[{"href":"https:\/\/encuentroinformativo.com.mx\/index.php?rest_route=\/wp\/v2\/posts"}],"about":[{"href":"https:\/\/encuentroinformativo.com.mx\/index.php?rest_route=\/wp\/v2\/types\/post"}],"author":[{"embeddable":true,"href":"https:\/\/encuentroinformativo.com.mx\/index.php?rest_route=\/wp\/v2\/users\/2476"}],"replies":[{"embeddable":true,"href":"https:\/\/encuentroinformativo.com.mx\/index.php?rest_route=%2Fwp%2Fv2%2Fcomments&post=36242"}],"version-history":[{"count":1,"href":"https:\/\/encuentroinformativo.com.mx\/index.php?rest_route=\/wp\/v2\/posts\/36242\/revisions"}],"predecessor-version":[{"id":36244,"href":"https:\/\/encuentroinformativo.com.mx\/index.php?rest_route=\/wp\/v2\/posts\/36242\/revisions\/36244"}],"wp:featuredmedia":[{"embeddable":true,"href":"https:\/\/encuentroinformativo.com.mx\/index.php?rest_route=\/wp\/v2\/media\/36243"}],"wp:attachment":[{"href":"https:\/\/encuentroinformativo.com.mx\/index.php?rest_route=%2Fwp%2Fv2%2Fmedia&parent=36242"}],"wp:term":[{"taxonomy":"category","embeddable":true,"href":"https:\/\/encuentroinformativo.com.mx\/index.php?rest_route=%2Fwp%2Fv2%2Fcategories&post=36242"},{"taxonomy":"post_tag","embeddable":true,"href":"https:\/\/encuentroinformativo.com.mx\/index.php?rest_route=%2Fwp%2Fv2%2Ftags&post=36242"}],"curies":[{"name":"wp","href":"https:\/\/api.w.org\/{rel}","templated":true}]}}