{"id":3625,"date":"2020-06-25T15:07:47","date_gmt":"2020-06-25T20:07:47","guid":{"rendered":"https:\/\/encuentroinformativo.com\/?p=3625"},"modified":"2020-06-25T15:27:53","modified_gmt":"2020-06-25T20:27:53","slug":"promueven-xalapenos-nueva-caravana-anti-amlo","status":"publish","type":"post","link":"https:\/\/encuentroinformativo.com.mx\/?p=3625","title":{"rendered":"Promueven xalape\u00f1os nueva caravana anti-AMLO"},"content":{"rendered":"\n<p><strong>Dar\u00edo Pale <\/strong><\/p>\n\n\n\n<p>Xalapa, Ver.- Hilda Salda\u00f1a Olmos integrante del movimiento Frente Nacional antiAMLO (FRENA), dio a conocer que la tercera caravana para exigir la renuncia del presidente Andr\u00e9s Manuel L\u00f3pez Obrador se realizar\u00e1 el pr\u00f3ximo 28 de junio.<\/p>\n\n\n\n<p>En conferencia de prensa realizada en conocido caf\u00e9 del centro de Xalapa se\u00f1al\u00f3 que la concentraci\u00f3n iniciar\u00e1 a las 10 de la ma\u00f1ana de la avenida Valle Real, cerca de la Central de Abasto para avanzar hacia el centro de Xalapa.<\/p>\n\n\n\n<p>\u201cVamos a salir a manifestarnos para exigir la renuncia de Andr\u00e9s Manuel L\u00f3pez al Gobierno federal porque no solamente no cubre el perfil del cargo, sino que traiciona a la patria y traiciona a la Constituci\u00f3n y las leyes que de ella emanan\u201d, inform\u00f3.<\/p>\n\n\n\n<p>Por ello invit\u00f3 a los ciudadanos de Xalapa, Coatepec, Emiliano Zapata y Banderilla acudir con sus veh\u00edculos o salir al frente de sus casas con cartulinas en contra del Presidente.<\/p>\n\n\n\n<p>\u201cAqu\u00ed no han hecho absolutamente nada, han desvalijado al sector salud y la gente no s\u00f3lo se est\u00e1 muriendo de coronavirus, sino tambi\u00e9n de otras enfermedades que han dejado de atender porque no se dan abasto\u201c, coment\u00f3.<\/p>\n\n\n\n<p>Dicha protesta con la que ciudadanos de diferentes estados reclaman la renuncia del Presidente de la Rep\u00fablica, Andr\u00e9s Manuel L\u00f3pez Obrador se realiza en un recorrido de veh\u00edculos.<\/p>\n\n\n\n<p>&#8220;Hay tantas cosas que este se\u00f1or est\u00e1 haciendo en contra de M\u00e9xico, que nos est\u00e1 llevando a la ruina total. Lo menos que podemos hacer los ciudadanos conscientes de que eso est\u00e1 pasando, que hemos trabajado y hecho un esfuerzo para tener un patrimonio, para heredar algo a nuestros hijos, no estamos dispuestos a permitirlo&#8221; expuso.<\/p>\n\n\n\n<p>Finalmente se\u00f1al\u00f3 que el recorrido de dicha caravana incluir\u00e1 las avenidas L\u00e1zaro C\u00e1rdenas hasta Sefiplan, para luego tomar la avenida Ru\u00edz Cortines, las calles Allende, Zaragoza,\u00a0<a href=\"https:\/\/www.google.com\/maps\/search\/Xalape%C3%B1os+Ilustres,+20?entry=gmail&amp;source=g\">Xalape\u00f1os Ilustres, 20<\/a>\u00a0de Noviembre hasta regresar a la avenida Villa Real donde colocar\u00e1n una manta.<\/p>\n\n\n\n<p><\/p>\n","protected":false},"excerpt":{"rendered":"<p>Dar\u00edo Pale Xalapa, Ver.- Hilda Salda\u00f1a Olmos integrante del movimiento Frente Nacional antiAMLO (FRENA), dio a conocer que la tercera caravana para exigir la renuncia del presidente Andr\u00e9s Manuel L\u00f3pez Obrador se realizar\u00e1 el pr\u00f3ximo 28 de junio. En conferencia de prensa realizada en conocido caf\u00e9 del centro de Xalapa se\u00f1al\u00f3 que la concentraci\u00f3n iniciar\u00e1 [&hellip;]<\/p>\n","protected":false},"author":1,"featured_media":3626,"comment_status":"open","ping_status":"open","sticky":false,"template":"","format":"standard","meta":{"_jetpack_memberships_contains_paid_content":false,"footnotes":""},"categories":[3],"tags":[],"class_list":["post-3625","post","type-post","status-publish","format-standard","has-post-thumbnail","hentry","category-xalapa"],"jetpack_featured_media_url":"https:\/\/encuentroinformativo.com.mx\/wp-content\/uploads\/2020\/06\/0876A0B2-40BC-4ED4-A413-4690592A40EB.jpeg","jetpack_sharing_enabled":true,"jetpack_likes_enabled":true,"amp_enabled":true,"_links":{"self":[{"href":"https:\/\/encuentroinformativo.com.mx\/index.php?rest_route=\/wp\/v2\/posts\/3625","targetHints":{"allow":["GET"]}}],"collection":[{"href":"https:\/\/encuentroinformativo.com.mx\/index.php?rest_route=\/wp\/v2\/posts"}],"about":[{"href":"https:\/\/encuentroinformativo.com.mx\/index.php?rest_route=\/wp\/v2\/types\/post"}],"author":[{"embeddable":true,"href":"https:\/\/encuentroinformativo.com.mx\/index.php?rest_route=\/wp\/v2\/users\/1"}],"replies":[{"embeddable":true,"href":"https:\/\/encuentroinformativo.com.mx\/index.php?rest_route=%2Fwp%2Fv2%2Fcomments&post=3625"}],"version-history":[{"count":1,"href":"https:\/\/encuentroinformativo.com.mx\/index.php?rest_route=\/wp\/v2\/posts\/3625\/revisions"}],"predecessor-version":[{"id":3627,"href":"https:\/\/encuentroinformativo.com.mx\/index.php?rest_route=\/wp\/v2\/posts\/3625\/revisions\/3627"}],"wp:featuredmedia":[{"embeddable":true,"href":"https:\/\/encuentroinformativo.com.mx\/index.php?rest_route=\/wp\/v2\/media\/3626"}],"wp:attachment":[{"href":"https:\/\/encuentroinformativo.com.mx\/index.php?rest_route=%2Fwp%2Fv2%2Fmedia&parent=3625"}],"wp:term":[{"taxonomy":"category","embeddable":true,"href":"https:\/\/encuentroinformativo.com.mx\/index.php?rest_route=%2Fwp%2Fv2%2Fcategories&post=3625"},{"taxonomy":"post_tag","embeddable":true,"href":"https:\/\/encuentroinformativo.com.mx\/index.php?rest_route=%2Fwp%2Fv2%2Ftags&post=3625"}],"curies":[{"name":"wp","href":"https:\/\/api.w.org\/{rel}","templated":true}]}}