{"id":36250,"date":"2023-02-02T11:51:17","date_gmt":"2023-02-02T17:51:17","guid":{"rendered":"https:\/\/encuentroinformativo.com.mx\/?p=36250"},"modified":"2023-02-02T11:51:20","modified_gmt":"2023-02-02T17:51:20","slug":"denuncian-despido-injustificado-en-el-ivea","status":"publish","type":"post","link":"https:\/\/encuentroinformativo.com.mx\/?p=36250","title":{"rendered":"Denuncian despido injustificado en el IVEA"},"content":{"rendered":"\n<p><strong>Juan Arcos <\/strong><\/p>\n\n\n\n<p>Xalapa, Ver.- Rosa Amira V\u00e1zquez Castillo protest\u00f3 afuera de Palacio de Gobierno, en esta ciudad de Xalapa, para denunciar que fue despedida de manera injustificada del Instituto Veracruzano de Educaci\u00f3n para Adultos (IVEA).<\/p>\n\n\n\n<p>Se desempa\u00f1aba como jefa del Departamento de An\u00e1lisis del Aprendizaje, perteneciente a la Subdirecci\u00f3n de Acreditaci\u00f3n y Sistemas de Control Educativo del IVEA, donde fue notificada sobre su despido el d\u00eda de ayer mi\u00e9rcoles 1 de febrero.<\/p>\n\n\n\n<p>La mujer labor\u00f3 durante cuatro a\u00f1os en el IVEA; sin embargo, decidi\u00f3 manifestarse para tambi\u00e9n dar a conocer que fue v\u00edctima de acoso por parte del Subdirector de Acreditaci\u00f3n y Sistemas de Control Educativo, Jos\u00e9 Jacobo Teutli Colorado.<\/p>\n\n\n\n<p>Record\u00f3 que el argumento para su despido fue un video que ha circulado en redes sociales desde el mes pasado, donde ella aparece jaloneando a su gata con una correa, una situaci\u00f3n que se le sali\u00f3 de control porque la mascota no est\u00e1 acostumbrada a la correa.<\/p>\n\n\n\n<p>\u201cUn hombre, yo me sent\u00ed agredida porque me comenz\u00f3 a gritar que por qu\u00e9 tra\u00eda a la gatita arrastrando, la gatita no est\u00e1 acostumbrada a usar correa y se arrastr\u00f3 y de ah\u00ed se agarraron para decir que el director Amezcua no quer\u00eda esc\u00e1ndalos y que ah\u00ed se terminaba la relaci\u00f3n laboral\u201d, expres\u00f3.<\/p>\n\n\n\n<p>La entrevistada indic\u00f3 que decidi\u00f3 alzar la voz para alertar a las mujeres y que no laboren en dicha \u00e1rea del IVEA, toda vez que su exjefe Jos\u00e9 Jacobo Teutli Colorado es un \u201camedrentador\u201d.<\/p>\n\n\n\n<p>\u201cTengo la esperanza de que con esto m\u00e1s mujeres se animen y que denuncien, que se expresen por lo menos. Denunci\u00e9 de manera interna pero las situaciones no cesaron. El se\u00f1or dice tener aspiraciones para alcalde de Xico y que la gente sepa\u201d, a\u00f1adi\u00f3 la extrabajadora.<\/p>\n\n\n\n<p>V\u00e1zquez Castillo pidi\u00f3 la intervenci\u00f3n del gobernador Cuitl\u00e1huac Garc\u00eda Jim\u00e9nez para que cesen los abusos y el hostigamiento al interior del IVEA.<\/p>\n","protected":false},"excerpt":{"rendered":"<p>Juan Arcos Xalapa, Ver.- Rosa Amira V\u00e1zquez Castillo protest\u00f3 afuera de Palacio de Gobierno, en esta ciudad de Xalapa, para denunciar que fue despedida de manera injustificada del Instituto Veracruzano de Educaci\u00f3n para Adultos (IVEA). Se desempa\u00f1aba como jefa del Departamento de An\u00e1lisis del Aprendizaje, perteneciente a la Subdirecci\u00f3n de Acreditaci\u00f3n y Sistemas de Control [&hellip;]<\/p>\n","protected":false},"author":2476,"featured_media":36251,"comment_status":"open","ping_status":"open","sticky":false,"template":"","format":"standard","meta":{"_jetpack_memberships_contains_paid_content":false,"footnotes":""},"categories":[3],"tags":[],"class_list":["post-36250","post","type-post","status-publish","format-standard","has-post-thumbnail","hentry","category-xalapa"],"jetpack_featured_media_url":"https:\/\/encuentroinformativo.com.mx\/wp-content\/uploads\/2023\/02\/Photo_1675360146914.jpg","jetpack_sharing_enabled":true,"jetpack_likes_enabled":true,"amp_enabled":true,"_links":{"self":[{"href":"https:\/\/encuentroinformativo.com.mx\/index.php?rest_route=\/wp\/v2\/posts\/36250","targetHints":{"allow":["GET"]}}],"collection":[{"href":"https:\/\/encuentroinformativo.com.mx\/index.php?rest_route=\/wp\/v2\/posts"}],"about":[{"href":"https:\/\/encuentroinformativo.com.mx\/index.php?rest_route=\/wp\/v2\/types\/post"}],"author":[{"embeddable":true,"href":"https:\/\/encuentroinformativo.com.mx\/index.php?rest_route=\/wp\/v2\/users\/2476"}],"replies":[{"embeddable":true,"href":"https:\/\/encuentroinformativo.com.mx\/index.php?rest_route=%2Fwp%2Fv2%2Fcomments&post=36250"}],"version-history":[{"count":1,"href":"https:\/\/encuentroinformativo.com.mx\/index.php?rest_route=\/wp\/v2\/posts\/36250\/revisions"}],"predecessor-version":[{"id":36252,"href":"https:\/\/encuentroinformativo.com.mx\/index.php?rest_route=\/wp\/v2\/posts\/36250\/revisions\/36252"}],"wp:featuredmedia":[{"embeddable":true,"href":"https:\/\/encuentroinformativo.com.mx\/index.php?rest_route=\/wp\/v2\/media\/36251"}],"wp:attachment":[{"href":"https:\/\/encuentroinformativo.com.mx\/index.php?rest_route=%2Fwp%2Fv2%2Fmedia&parent=36250"}],"wp:term":[{"taxonomy":"category","embeddable":true,"href":"https:\/\/encuentroinformativo.com.mx\/index.php?rest_route=%2Fwp%2Fv2%2Fcategories&post=36250"},{"taxonomy":"post_tag","embeddable":true,"href":"https:\/\/encuentroinformativo.com.mx\/index.php?rest_route=%2Fwp%2Fv2%2Ftags&post=36250"}],"curies":[{"name":"wp","href":"https:\/\/api.w.org\/{rel}","templated":true}]}}