{"id":36269,"date":"2023-02-02T14:17:53","date_gmt":"2023-02-02T20:17:53","guid":{"rendered":"https:\/\/encuentroinformativo.com.mx\/?p=36269"},"modified":"2023-02-02T14:17:57","modified_gmt":"2023-02-02T20:17:57","slug":"para-celebrar-la-candelaria-catolicos-visten-a-nino-dios","status":"publish","type":"post","link":"https:\/\/encuentroinformativo.com.mx\/?p=36269","title":{"rendered":"Para celebrar La Candelaria, cat\u00f3licos visten a ni\u00f1o Dios"},"content":{"rendered":"\n<p><strong>Dar\u00edo Pale <\/strong><\/p>\n\n\n\n<p>Xalapa,Ver.- En nuestro pa\u00eds se acostumbra que la persona a la que le sali\u00f3 el ni\u00f1o en la rosca de reyes es la encargada de realizar tamales y atole para su familia, amigos o compa\u00f1eros de trabajo esta tradici\u00f3n se debe a que en esta misma fecha, bas\u00e1ndose en el calendario azteca, es la bendici\u00f3n del ma\u00edz, y se elaboran alimentos con el.<\/p>\n\n\n\n<p>Tambi\u00e9n es una tradici\u00f3n vestir al Ni\u00f1o Dios en esta fecha, los trajes han ganado una gran popularidad, ya que van desde el t\u00edpico traje blanco hasta de doctores, maestros, futbolistas, etc\u00e9tera y una vez vestido se lleva a bendecir, esto para la prosperidad de la familia.<\/p>\n\n\n\n<p>Tambi\u00e9n se festeja el d\u00eda de la Candelaria el cual es exactamente 40 d\u00edas despu\u00e9s de Navidad y es debido a que, en ese d\u00eda, la Virgen se purific\u00f3 despu\u00e9s del nacimiento del ni\u00f1o Dios y llev\u00f3 candelas a la Iglesia para que estas fueran bendecidas.\u00a0<\/p>\n\n\n\n<p>Este era el festejo original, sin embargo, en la \u00e9poca del Virreinato lleg\u00f3 a M\u00e9xico y el d\u00eda de la Candelaria coincidi\u00f3 con la temporada de siembra que iniciaba el 2 de febrero y se festejaba con exquisitos tamales como platillo principal.<\/p>\n\n\n\n<p>Origen del d\u00eda de la Candelaria de acuerdo con la antrop\u00f3loga Katia Perdig\u00f3n, el 2 de febrero la Virgen sol\u00eda ser la protagonista del festejo, pues era cuando se cumpl\u00edan exactamente 40 d\u00edas despu\u00e9s de Navidad, por lo que la Virgen acudi\u00f3 a la Iglesia para ser purificada y dar gracias a Dios por la llegada de Jes\u00fas a la Tierra.<\/p>\n\n\n\n<p>Desde entonces, se qued\u00f3 como costumbre acudir a la iglesia cada 2 de febrero, para agradecer que el ni\u00f1o Dios trajera luz a los corazones de la humanidad.<\/p>\n\n\n\n<p><strong>\u00bfPor qu\u00e9 se viste a los ni\u00f1os Dios el d\u00eda de la Candelaria?<\/strong><\/p>\n\n\n\n<p>Esta pregunta no tiene una respuesta clara, sin embargo, Katia Perdig\u00f3n, en su libro titulado \u201cMi ni\u00f1o Dios\u201d, sostiene que la tradici\u00f3n de vestir a los ni\u00f1os Dios se deriva de la \u00e9poca del virreinato.<\/p>\n\n\n\n<p>Su investigaci\u00f3n arroj\u00f3 que quiz\u00e1 surgi\u00f3 a partir de una tradici\u00f3n que las monjas ten\u00edan en la \u00e9poca virreinal, estas monjas vest\u00edan a los ni\u00f1os Dios para presentarlos en la Iglesia, justo como hizo en su momento la Virgen.<\/p>\n\n\n\n<p>Actualmente, se estima que existen alrededor de 100 modelos distintos para vestir a los ni\u00f1os, moda que se reforz\u00f3 en 1975, cuando surgi\u00f3 la Casa Uribe, una empresa dedicada a ofrecer un mont\u00f3n de modelos para vestir al ni\u00f1o Dios.<\/p>\n\n\n\n<p>Por \u00faltimo y de acuerdo con Katia Perdig\u00f3n \u201cpocos devotos relacionan la vela con la festividad de la Purificaci\u00f3n de la Virgen, este acontecimiento se ha suplido con la imagen del Ni\u00f1o Dios, de hecho la mayor\u00eda de los practicantes de esta celebraci\u00f3n no saben para qu\u00e9 son las velas. Las candelas evocan la iluminaci\u00f3n del mundo por el Salvador\u201d<\/p>\n\n\n\n<figure class=\"wp-block-image size-large\"><img loading=\"lazy\" decoding=\"async\" width=\"1024\" height=\"683\" src=\"https:\/\/encuentroinformativo.com.mx\/wp-content\/uploads\/2023\/02\/IMG-20230202-WA00812-1024x683.jpg\" alt=\"\" class=\"wp-image-36271\" srcset=\"https:\/\/encuentroinformativo.com.mx\/wp-content\/uploads\/2023\/02\/IMG-20230202-WA00812-1024x683.jpg 1024w, https:\/\/encuentroinformativo.com.mx\/wp-content\/uploads\/2023\/02\/IMG-20230202-WA00812-300x200.jpg 300w, https:\/\/encuentroinformativo.com.mx\/wp-content\/uploads\/2023\/02\/IMG-20230202-WA00812-768x512.jpg 768w, https:\/\/encuentroinformativo.com.mx\/wp-content\/uploads\/2023\/02\/IMG-20230202-WA00812.jpg 1488w\" sizes=\"auto, (max-width: 1024px) 100vw, 1024px\" \/><\/figure>\n","protected":false},"excerpt":{"rendered":"<p>Dar\u00edo Pale Xalapa,Ver.- En nuestro pa\u00eds se acostumbra que la persona a la que le sali\u00f3 el ni\u00f1o en la rosca de reyes es la encargada de realizar tamales y atole para su familia, amigos o compa\u00f1eros de trabajo esta tradici\u00f3n se debe a que en esta misma fecha, bas\u00e1ndose en el calendario azteca, es [&hellip;]<\/p>\n","protected":false},"author":2476,"featured_media":36270,"comment_status":"open","ping_status":"open","sticky":false,"template":"","format":"standard","meta":{"_jetpack_memberships_contains_paid_content":false,"footnotes":""},"categories":[3],"tags":[],"class_list":["post-36269","post","type-post","status-publish","format-standard","has-post-thumbnail","hentry","category-xalapa"],"jetpack_featured_media_url":"https:\/\/encuentroinformativo.com.mx\/wp-content\/uploads\/2023\/02\/IMG-20230202-WA00832.jpg","jetpack_sharing_enabled":true,"jetpack_likes_enabled":true,"amp_enabled":true,"_links":{"self":[{"href":"https:\/\/encuentroinformativo.com.mx\/index.php?rest_route=\/wp\/v2\/posts\/36269","targetHints":{"allow":["GET"]}}],"collection":[{"href":"https:\/\/encuentroinformativo.com.mx\/index.php?rest_route=\/wp\/v2\/posts"}],"about":[{"href":"https:\/\/encuentroinformativo.com.mx\/index.php?rest_route=\/wp\/v2\/types\/post"}],"author":[{"embeddable":true,"href":"https:\/\/encuentroinformativo.com.mx\/index.php?rest_route=\/wp\/v2\/users\/2476"}],"replies":[{"embeddable":true,"href":"https:\/\/encuentroinformativo.com.mx\/index.php?rest_route=%2Fwp%2Fv2%2Fcomments&post=36269"}],"version-history":[{"count":1,"href":"https:\/\/encuentroinformativo.com.mx\/index.php?rest_route=\/wp\/v2\/posts\/36269\/revisions"}],"predecessor-version":[{"id":36272,"href":"https:\/\/encuentroinformativo.com.mx\/index.php?rest_route=\/wp\/v2\/posts\/36269\/revisions\/36272"}],"wp:featuredmedia":[{"embeddable":true,"href":"https:\/\/encuentroinformativo.com.mx\/index.php?rest_route=\/wp\/v2\/media\/36270"}],"wp:attachment":[{"href":"https:\/\/encuentroinformativo.com.mx\/index.php?rest_route=%2Fwp%2Fv2%2Fmedia&parent=36269"}],"wp:term":[{"taxonomy":"category","embeddable":true,"href":"https:\/\/encuentroinformativo.com.mx\/index.php?rest_route=%2Fwp%2Fv2%2Fcategories&post=36269"},{"taxonomy":"post_tag","embeddable":true,"href":"https:\/\/encuentroinformativo.com.mx\/index.php?rest_route=%2Fwp%2Fv2%2Ftags&post=36269"}],"curies":[{"name":"wp","href":"https:\/\/api.w.org\/{rel}","templated":true}]}}